{"id":62584,"date":"2020-06-08T13:50:09","date_gmt":"2020-06-08T16:50:09","guid":{"rendered":"https:\/\/www.actualidadadiario.com\/?p=62584"},"modified":"2020-06-08T13:50:09","modified_gmt":"2020-06-08T16:50:09","slug":"nueva-ley-del-gobierno-para-proteger-al-personal-de-salud","status":"publish","type":"post","link":"https:\/\/www.actualidadadiario.com\/index.php\/2020\/06\/08\/nueva-ley-del-gobierno-para-proteger-al-personal-de-salud\/","title":{"rendered":"Nueva ley del Gobierno para proteger al personal de salud"},"content":{"rendered":"<p style=\"text-align: center;\"><em><strong>El Gobierno nacional promulg\u00f3 la ley 27.548 del Programa de Protecci\u00f3n al Personal de Salud ante la pandemia de coronavirus COVID-19. La misma, fue anunciada en el Bolet\u00edn Oficial de este lunes. De este modo, declaran prioritario la protecci\u00f3n de las vidas del personal de salud que trabaja en esta situaci\u00f3n<\/strong><\/em><\/p>\n<p>&nbsp;<\/p>\n<p>Seg\u00fan la ley, establecen \u201cprioritario para el inter\u00e9s nacional la protecci\u00f3n de la vida y la salud del personal del sistema de salud argentino. Y de los trabajadores y voluntarios que cumplen con actividades y servicios esenciales durante la emergencia sanitaria causada por la pandemia de coronavirus COVID-19\u2033.<\/p>\n<p>Adem\u00e1s, crean el programa de protecci\u00f3n al personal de salud ante la pandemia de coronavirus COVID-19. Busca la prevenci\u00f3n del contagio de la enfermedad entre el personal de salud que trabaje en establecimientos de salud de gesti\u00f3n p\u00fablica o privada. Este plan, ser\u00e1 de aplicaci\u00f3n obligatoria para todos los trabajadores del sector.<\/p>\n<p>Asimismo, la ley determina que los establecimientos de salud deben garantizar medidas de bioseguridad. Se deben priorizar las \u00e1reas de los establecimientos dedicadas espec\u00edficamente a la atenci\u00f3n y toma de muestras de casos sospechosos o confirmados de COVID-19. Como as\u00ed tambi\u00e9n en aquellas \u00e1reas en que haya un mayor riesgo de contagio.<\/p>\n<p>\u201cLa autoridad de aplicaci\u00f3n, en coordinaci\u00f3n con los dem\u00e1s ministerios y \u00f3rganos de Gobierno, sindicatos, empresas, universidades y organizaciones sociales, debe establecer protocolos de protecci\u00f3n y capacitaciones. Destinados a la prevenci\u00f3n del contagio de aquellas personas que cumplan con actividades y servicios esenciales que impliquen exposici\u00f3n al contagio de COVID-19\u201c, detallan.<\/p>\n","protected":false},"excerpt":{"rendered":"<p>El Gobierno nacional promulg\u00f3 la ley 27.548 del Programa de Protecci\u00f3n al Personal de Salud ante la pandemia de coronavirus COVID-19. La misma, fue anunciada en el Bolet\u00edn Oficial de este lunes. De este modo, declaran prioritario la protecci\u00f3n de las vidas del personal de salud que trabaja en esta situaci\u00f3n &nbsp; Seg\u00fan la ley, establecen \u201cprioritario para el inter\u00e9s nacional la protecci\u00f3n de la vida y la salud del personal del sistema de salud argentino. Y de los trabajadores y voluntarios que cumplen con actividades y servicios esenciales durante&#8230;<\/p>\n","protected":false},"author":3,"featured_media":62585,"comment_status":"closed","ping_status":"closed","sticky":false,"template":"","format":"standard","meta":[],"categories":[2],"tags":[],"_links":{"self":[{"href":"https:\/\/www.actualidadadiario.com\/index.php\/wp-json\/wp\/v2\/posts\/62584"}],"collection":[{"href":"https:\/\/www.actualidadadiario.com\/index.php\/wp-json\/wp\/v2\/posts"}],"about":[{"href":"https:\/\/www.actualidadadiario.com\/index.php\/wp-json\/wp\/v2\/types\/post"}],"author":[{"embeddable":true,"href":"https:\/\/www.actualidadadiario.com\/index.php\/wp-json\/wp\/v2\/users\/3"}],"replies":[{"embeddable":true,"href":"https:\/\/www.actualidadadiario.com\/index.php\/wp-json\/wp\/v2\/comments?post=62584"}],"version-history":[{"count":1,"href":"https:\/\/www.actualidadadiario.com\/index.php\/wp-json\/wp\/v2\/posts\/62584\/revisions"}],"predecessor-version":[{"id":62586,"href":"https:\/\/www.actualidadadiario.com\/index.php\/wp-json\/wp\/v2\/posts\/62584\/revisions\/62586"}],"wp:featuredmedia":[{"embeddable":true,"href":"https:\/\/www.actualidadadiario.com\/index.php\/wp-json\/wp\/v2\/media\/62585"}],"wp:attachment":[{"href":"https:\/\/www.actualidadadiario.com\/index.php\/wp-json\/wp\/v2\/media?parent=62584"}],"wp:term":[{"taxonomy":"category","embeddable":true,"href":"https:\/\/www.actualidadadiario.com\/index.php\/wp-json\/wp\/v2\/categories?post=62584"},{"taxonomy":"post_tag","embeddable":true,"href":"https:\/\/www.actualidadadiario.com\/index.php\/wp-json\/wp\/v2\/tags?post=62584"}],"curies":[{"name":"wp","href":"https:\/\/api.w.org\/{rel}","templated":true}]}}