{"id":62576,"date":"2020-06-08T13:47:56","date_gmt":"2020-06-08T16:47:56","guid":{"rendered":"https:\/\/www.actualidadadiario.com\/?p=62576"},"modified":"2020-06-08T13:47:56","modified_gmt":"2020-06-08T16:47:56","slug":"catamarca-prueba-regreso-a-aulas-desde-hoy","status":"publish","type":"post","link":"https:\/\/www.actualidadadiario.com\/index.php\/2020\/06\/08\/catamarca-prueba-regreso-a-aulas-desde-hoy\/","title":{"rendered":"Catamarca prueba regreso a aulas desde hoy"},"content":{"rendered":"<p style=\"text-align: center;\"><em><strong>Bajo estrictas medidas de prevenci\u00f3n, alumnos de escuelas rurales de Catamarca retomar\u00e1n esta semana las clases presenciales, en una experiencia dispuesta por el Ministerio de Educaci\u00f3n de la provincia<\/strong><\/em><\/p>\n<p>&nbsp;<\/p>\n<p>La modalidad s\u00f3lo alcanzar\u00e1 a un pu\u00f1ado de establecimientos de la Puna, Pre-Puna y del norte de Catamarca, donde por cuestiones clim\u00e1ticas el ciclo lectivo inicia en agosto y termina en junio y este a\u00f1o retomar\u00e1n las clases del per\u00edodo 2019-2020, que se extender\u00e1 hasta el viernes, solo para alumnos de 6\u00b0 grado de primaria, 6\u00b0 a\u00f1o de secundaria y 4\u00b0 a\u00f1o de j\u00f3venes y adultos. La decisi\u00f3n de dictar una semana de clases responde a la necesidad de dar por \u201cfinalizado el ciclo\u201d mencionado.<\/p>\n<p>\u201cEs un desaf\u00edo grande, pero estamos dispuestos a enfrentarlo\u201d, dijo Paola Ramos, directora de uno de esos establecimientos.<\/p>\n","protected":false},"excerpt":{"rendered":"<p>Bajo estrictas medidas de prevenci\u00f3n, alumnos de escuelas rurales de Catamarca retomar\u00e1n esta semana las clases presenciales, en una experiencia dispuesta por el Ministerio de Educaci\u00f3n de la provincia &nbsp; La modalidad s\u00f3lo alcanzar\u00e1 a un pu\u00f1ado de establecimientos de la Puna, Pre-Puna y del norte de Catamarca, donde por cuestiones clim\u00e1ticas el ciclo lectivo inicia en agosto y termina en junio y este a\u00f1o retomar\u00e1n las clases del per\u00edodo 2019-2020, que se extender\u00e1 hasta el viernes, solo para alumnos de 6\u00b0 grado de primaria, 6\u00b0 a\u00f1o de secundaria y&#8230;<\/p>\n","protected":false},"author":3,"featured_media":62577,"comment_status":"closed","ping_status":"closed","sticky":false,"template":"","format":"standard","meta":[],"categories":[2],"tags":[],"_links":{"self":[{"href":"https:\/\/www.actualidadadiario.com\/index.php\/wp-json\/wp\/v2\/posts\/62576"}],"collection":[{"href":"https:\/\/www.actualidadadiario.com\/index.php\/wp-json\/wp\/v2\/posts"}],"about":[{"href":"https:\/\/www.actualidadadiario.com\/index.php\/wp-json\/wp\/v2\/types\/post"}],"author":[{"embeddable":true,"href":"https:\/\/www.actualidadadiario.com\/index.php\/wp-json\/wp\/v2\/users\/3"}],"replies":[{"embeddable":true,"href":"https:\/\/www.actualidadadiario.com\/index.php\/wp-json\/wp\/v2\/comments?post=62576"}],"version-history":[{"count":1,"href":"https:\/\/www.actualidadadiario.com\/index.php\/wp-json\/wp\/v2\/posts\/62576\/revisions"}],"predecessor-version":[{"id":62578,"href":"https:\/\/www.actualidadadiario.com\/index.php\/wp-json\/wp\/v2\/posts\/62576\/revisions\/62578"}],"wp:featuredmedia":[{"embeddable":true,"href":"https:\/\/www.actualidadadiario.com\/index.php\/wp-json\/wp\/v2\/media\/62577"}],"wp:attachment":[{"href":"https:\/\/www.actualidadadiario.com\/index.php\/wp-json\/wp\/v2\/media?parent=62576"}],"wp:term":[{"taxonomy":"category","embeddable":true,"href":"https:\/\/www.actualidadadiario.com\/index.php\/wp-json\/wp\/v2\/categories?post=62576"},{"taxonomy":"post_tag","embeddable":true,"href":"https:\/\/www.actualidadadiario.com\/index.php\/wp-json\/wp\/v2\/tags?post=62576"}],"curies":[{"name":"wp","href":"https:\/\/api.w.org\/{rel}","templated":true}]}}