{"id":62574,"date":"2020-06-08T13:47:19","date_gmt":"2020-06-08T16:47:19","guid":{"rendered":"https:\/\/www.actualidadadiario.com\/?p=62574"},"modified":"2020-06-08T13:47:19","modified_gmt":"2020-06-08T16:47:19","slug":"advierten-que-la-inflacion-se-acelerara-pasada-la-cuarentena","status":"publish","type":"post","link":"https:\/\/www.actualidadadiario.com\/index.php\/2020\/06\/08\/advierten-que-la-inflacion-se-acelerara-pasada-la-cuarentena\/","title":{"rendered":"Advierten que la inflaci\u00f3n se acelerar\u00e1 pasada la cuarentena"},"content":{"rendered":"<p style=\"text-align: center;\"><em><strong>Para la consultora, se acumulan argumentos como para sostener que la baja de la inflaci\u00f3n ser\u00e1 m\u00e1s transitoria que permanente y que la misma &#8220;volver\u00eda a los niveles pre-cuarentena, o incluso los superar\u00eda&#8221;, una vez pasadas las restricciones<\/strong><\/em><\/p>\n<p>&nbsp;<\/p>\n<p>Seg\u00fan un informe de la consultora econ\u00f3mica Ecolatina, es probable que la suba de precios del \u00c1rea Metropolitana de Buenos Aires (IPC GBA) quede rezagada en relaci\u00f3n con el resto del pa\u00eds en mayo y junio. Sin embargo, la apertura de la cuarentena por regiones provocar\u00e1 que el \u00edndice Nacional promedie las situaciones heterog\u00e9neas que convivir\u00e1n en las distintas zonas del pa\u00eds, y se espera que la inflaci\u00f3n se acelere pasado el aislamiento.<\/p>\n<p>\u201cLa cuarentena dispar\u00f3 el gasto primario y desplom\u00f3 la recaudaci\u00f3n del Sector P\u00fablico Nacional (la din\u00e1mica es similar aunque menos intensa a nivel provincial), provocando un mayor rojo fiscal\u201d se\u00f1ala el informe. En este marco, dado que los mercados de cr\u00e9dito en pesos y d\u00f3lares no convalidan un mayor endeudamiento del Tesoro Nacional, \u00e9ste se est\u00e1 financiando con emisi\u00f3n monetaria.<\/p>\n<p>\u201cEste exceso de liquidez y la incertidumbre propia de la econom\u00eda argentina, aumentada por el Coronavirus y la negociaci\u00f3n de la deuda p\u00fablica, impulsaron la demanda de d\u00f3lares paralelos, elevando la brecha cambiaria de 40% a 80% entre mediados de marzo y mayo\u201d, explican los economistas de Ecolatina.<\/p>\n<p>Para la consultora, se acumulan argumentos como para sostener que la baja de la inflaci\u00f3n ser\u00e1 m\u00e1s transitoria que permanente y que la misma \u201cvolver\u00eda a los niveles pre-cuarentena, o incluso los superar\u00eda\u201d, una vez pasadas las restricciones.<\/p>\n<p>Entre estos argumentos, identifica: paritarias que se desarrollar\u00e1n algunos meses m\u00e1s tarde de lo usual y la mayor importancia del d\u00f3lar paralelo para la formaci\u00f3n de precios ser\u00e1n las claves de esta din\u00e1mica.<\/p>\n<p>En este marco, la inflaci\u00f3n proyectada por Ecolatina superar\u00eda el 45% en 2020, \u201cde modo que la inercia entrar\u00eda tan viva a 2021 como durante los \u00faltimos diez a\u00f1os\u201d.<\/p>\n","protected":false},"excerpt":{"rendered":"<p>Para la consultora, se acumulan argumentos como para sostener que la baja de la inflaci\u00f3n ser\u00e1 m\u00e1s transitoria que permanente y que la misma &#8220;volver\u00eda a los niveles pre-cuarentena, o incluso los superar\u00eda&#8221;, una vez pasadas las restricciones &nbsp; Seg\u00fan un informe de la consultora econ\u00f3mica Ecolatina, es probable que la suba de precios del \u00c1rea Metropolitana de Buenos Aires (IPC GBA) quede rezagada en relaci\u00f3n con el resto del pa\u00eds en mayo y junio. Sin embargo, la apertura de la cuarentena por regiones provocar\u00e1 que el \u00edndice Nacional promedie&#8230;<\/p>\n","protected":false},"author":3,"featured_media":60213,"comment_status":"closed","ping_status":"closed","sticky":false,"template":"","format":"standard","meta":[],"categories":[2],"tags":[],"_links":{"self":[{"href":"https:\/\/www.actualidadadiario.com\/index.php\/wp-json\/wp\/v2\/posts\/62574"}],"collection":[{"href":"https:\/\/www.actualidadadiario.com\/index.php\/wp-json\/wp\/v2\/posts"}],"about":[{"href":"https:\/\/www.actualidadadiario.com\/index.php\/wp-json\/wp\/v2\/types\/post"}],"author":[{"embeddable":true,"href":"https:\/\/www.actualidadadiario.com\/index.php\/wp-json\/wp\/v2\/users\/3"}],"replies":[{"embeddable":true,"href":"https:\/\/www.actualidadadiario.com\/index.php\/wp-json\/wp\/v2\/comments?post=62574"}],"version-history":[{"count":1,"href":"https:\/\/www.actualidadadiario.com\/index.php\/wp-json\/wp\/v2\/posts\/62574\/revisions"}],"predecessor-version":[{"id":62575,"href":"https:\/\/www.actualidadadiario.com\/index.php\/wp-json\/wp\/v2\/posts\/62574\/revisions\/62575"}],"wp:featuredmedia":[{"embeddable":true,"href":"https:\/\/www.actualidadadiario.com\/index.php\/wp-json\/wp\/v2\/media\/60213"}],"wp:attachment":[{"href":"https:\/\/www.actualidadadiario.com\/index.php\/wp-json\/wp\/v2\/media?parent=62574"}],"wp:term":[{"taxonomy":"category","embeddable":true,"href":"https:\/\/www.actualidadadiario.com\/index.php\/wp-json\/wp\/v2\/categories?post=62574"},{"taxonomy":"post_tag","embeddable":true,"href":"https:\/\/www.actualidadadiario.com\/index.php\/wp-json\/wp\/v2\/tags?post=62574"}],"curies":[{"name":"wp","href":"https:\/\/api.w.org\/{rel}","templated":true}]}}