{"id":62568,"date":"2020-06-08T13:45:44","date_gmt":"2020-06-08T16:45:44","guid":{"rendered":"https:\/\/www.actualidadadiario.com\/?p=62568"},"modified":"2020-06-08T13:45:44","modified_gmt":"2020-06-08T16:45:44","slug":"el-relajamiento-hizo-que-se-propague-el-virus-dijo-el-intendente-de-colon","status":"publish","type":"post","link":"https:\/\/www.actualidadadiario.com\/index.php\/2020\/06\/08\/el-relajamiento-hizo-que-se-propague-el-virus-dijo-el-intendente-de-colon\/","title":{"rendered":"\u00abEl relajamiento hizo que se propague el virus\u00bb, dijo el intendente de Col\u00f3n"},"content":{"rendered":"<p style=\"text-align: center;\"><em><strong>Jos\u00e9 Luis Walser dijo que la vuelta a la fase inicial del aislamiento ante los casos positivos gener\u00f3 \u00abun shock\u00bb ya que el contagio \u00abse dio en una situaci\u00f3n de irresponsabilidad de personas que se vincularon con muchas otra<\/strong><\/em><\/p>\n<p>&nbsp;<\/p>\n<p>La provincia de Entre R\u00edos lleva hasta el momento 53 casos positivos de coronavirus, 18 de los cuales pertenecen a Col\u00f3n, que ante los \u00faltimos confirmados volvi\u00f3 a la primera fase del aislamiento y es considerada zona de transmisi\u00f3n por conglomerado.<\/p>\n<p>En di\u00e1logo con el programa El Despertador de Elonce TV, el intendente de la localidad, Jos\u00e9 Luis Walser, habl\u00f3 sobre la situaci\u00f3n epidemiol\u00f3gica y c\u00f3mo repercuti\u00f3 esta situaci\u00f3n en toda la sociedad.<\/p>\n<p>De la investigaci\u00f3n sanitaria, se pudo establecer cu\u00e1l fue el inicio del brote en la ciudad. \u00abEn el d\u00eda de ayer no tuvimos casos, pero sabemos que puede haber otro, pero nos da tranquilidad que se haya cortado la cantidad de cantidad de contagios\u00bb.<\/p>\n<p>\u00abEstamos en la fase de esperar que alguna de \u00e9stas personas presenten s\u00edntomas y en la medida que van present\u00e1ndolos, se hacen los distintos hisopados. Sabemos que estamos en un contagio por conglomerado porque se dieron positivos entre las personas que tuvieron v\u00ednculos muy estrechos\u00bb, se\u00f1al\u00f3 el Intendente.<\/p>\n<p>Hasta el momento en la localidad hay 120 personas aisladas y los testeos se hacen a medida que surgen s\u00edntomas relacionados con el Covid-19.<\/p>\n<p>Respecto al regreso de la Fase 1 de la pandemia, Walser mencion\u00f3 que la misma es por 14 d\u00edas, y una vez cumplido ese plazo se ir\u00e1 evaluando la situaci\u00f3n para ver si se extiende o no.<\/p>\n<p>\u00abEstamos concentrados en poder establecer todos los contacto y tener el mayor control de los mismos\u00bb, afirm\u00f3.<\/p>\n<p>&nbsp;<\/p>\n<p><strong>Denuncia penal<\/strong><\/p>\n<p>Consultado sobre la denuncia penal que se inici\u00f3 contra las personas que propagaron el virus en la comunidad, Walser dio cuenta que \u00abme comunique con el Juez Federal e impulsamos la investigaci\u00f3n para que se compruebe como se dio este comportamiento\u00bb.<\/p>\n<p>El grupo inicial son todos mayores de 18 a\u00f1os. \u00abSon 4 amigos que se vincularon con uno que viajaba a Buenos Aires por cuestiones m\u00e9dicas de un familiar a quien acompa\u00f1aba\u00bb, indic\u00f3 el Intendente.<\/p>\n<p>\u00abVen\u00edamos de una fase de flexibilizaci\u00f3n casi absoluta, y en ese marco, los gimnasios estaban habilitados hasta dos personas en ambientes ventilados, al igual que otras actividades\u00bb, agreg\u00f3.<\/p>\n<p>Respecto a c\u00f3mo repercuti\u00f3 esta situaci\u00f3n en la localidad, Walser reconoci\u00f3 que \u00abha sido un shock. Si bien est\u00e1 previsto que el virus llegue a las distintas comunidades, en Col\u00f3n se dio de una manera particular, el contagio se dio en una situaci\u00f3n de irresponsabilidad de personas que se vincularon con muchas otras personas. Nos asustamos y preocupamos\u00ab, dijo para manifestar que esto repercute no s\u00f3lo en el \u00e1mbito comercial sino tambi\u00e9n en las propias arcas de la comuna. \u00abNuevamente se corta todo una vez que hab\u00edamos empezado la recuperaci\u00f3n, la situaci\u00f3n es compleja, incluso para el municipio, no hemos terminado de pagar sueldos y ahora viene el aguinaldo\u00bb, puntualiz\u00f3.<\/p>\n<p>Finalmente, Walser destac\u00f3 la importancia del cumplimiento de las medidas y de ser responsable con los actos. \u00abEl relajamiento hizo que se propague el virus\u00bb, afirm\u00f3.<\/p>\n","protected":false},"excerpt":{"rendered":"<p>Jos\u00e9 Luis Walser dijo que la vuelta a la fase inicial del aislamiento ante los casos positivos gener\u00f3 \u00abun shock\u00bb ya que el contagio \u00abse dio en una situaci\u00f3n de irresponsabilidad de personas que se vincularon con muchas otra &nbsp; La provincia de Entre R\u00edos lleva hasta el momento 53 casos positivos de coronavirus, 18 de los cuales pertenecen a Col\u00f3n, que ante los \u00faltimos confirmados volvi\u00f3 a la primera fase del aislamiento y es considerada zona de transmisi\u00f3n por conglomerado. En di\u00e1logo con el programa El Despertador de Elonce&#8230;<\/p>\n","protected":false},"author":3,"featured_media":62569,"comment_status":"closed","ping_status":"closed","sticky":false,"template":"","format":"standard","meta":[],"categories":[15],"tags":[],"_links":{"self":[{"href":"https:\/\/www.actualidadadiario.com\/index.php\/wp-json\/wp\/v2\/posts\/62568"}],"collection":[{"href":"https:\/\/www.actualidadadiario.com\/index.php\/wp-json\/wp\/v2\/posts"}],"about":[{"href":"https:\/\/www.actualidadadiario.com\/index.php\/wp-json\/wp\/v2\/types\/post"}],"author":[{"embeddable":true,"href":"https:\/\/www.actualidadadiario.com\/index.php\/wp-json\/wp\/v2\/users\/3"}],"replies":[{"embeddable":true,"href":"https:\/\/www.actualidadadiario.com\/index.php\/wp-json\/wp\/v2\/comments?post=62568"}],"version-history":[{"count":1,"href":"https:\/\/www.actualidadadiario.com\/index.php\/wp-json\/wp\/v2\/posts\/62568\/revisions"}],"predecessor-version":[{"id":62570,"href":"https:\/\/www.actualidadadiario.com\/index.php\/wp-json\/wp\/v2\/posts\/62568\/revisions\/62570"}],"wp:featuredmedia":[{"embeddable":true,"href":"https:\/\/www.actualidadadiario.com\/index.php\/wp-json\/wp\/v2\/media\/62569"}],"wp:attachment":[{"href":"https:\/\/www.actualidadadiario.com\/index.php\/wp-json\/wp\/v2\/media?parent=62568"}],"wp:term":[{"taxonomy":"category","embeddable":true,"href":"https:\/\/www.actualidadadiario.com\/index.php\/wp-json\/wp\/v2\/categories?post=62568"},{"taxonomy":"post_tag","embeddable":true,"href":"https:\/\/www.actualidadadiario.com\/index.php\/wp-json\/wp\/v2\/tags?post=62568"}],"curies":[{"name":"wp","href":"https:\/\/api.w.org\/{rel}","templated":true}]}}