{"id":62283,"date":"2020-06-02T12:08:22","date_gmt":"2020-06-02T15:08:22","guid":{"rendered":"https:\/\/www.actualidadadiario.com\/?p=62283"},"modified":"2020-06-02T12:08:22","modified_gmt":"2020-06-02T15:08:22","slug":"casi-9-millones-de-personas-volveran-a-cobrar-el-ingreso-familiar-de-emergencia-en-junio","status":"publish","type":"post","link":"https:\/\/www.actualidadadiario.com\/index.php\/2020\/06\/02\/casi-9-millones-de-personas-volveran-a-cobrar-el-ingreso-familiar-de-emergencia-en-junio\/","title":{"rendered":"Casi 9 millones de personas volver\u00e1n a cobrar el Ingreso Familiar de Emergencia en junio"},"content":{"rendered":"<p style=\"text-align: center;\"><em><strong>As\u00ed lo anunci\u00f3 ayer la titular de la Administraci\u00f3n Nacional de la Seguridad Social (Anses), Fernanda Raverta, en una conferencia de prensa en casa de Gobierno<\/strong><\/em><\/p>\n<p>&nbsp;<\/p>\n<p>&nbsp;<\/p>\n<p>El Gobierno nacional anunci\u00f3 que a partir del 8 de junio comenzar\u00e1 a pagar la segunda etapa del Ingreso Familiar de Emergencia (IFE). La directora ejecutiva de la Anses, Mar\u00eda Fernanda Raverta, anunci\u00f3 que &#8220;las casi 9 millones de personas&#8221; que ya cobraron el Ingreso Familiar de Emergencia (IFE) &#8220;volver\u00e1n hacerlo en la segunda vuelta del bono en este mes&#8221;.<\/p>\n<p>Fue en una conferencia de prensa en casa de Gobierno, en la que anunci\u00f3 que los pagos comenzar\u00e1n con los beneficiarios de la Asignaci\u00f3n Universal por Hijo (AUH), luego con quienes declararon una CBU y finalmente quienes no tienen cuenta bancaria.<\/p>\n<p>Seg\u00fan un informe de los Ministerios de Econom\u00eda, Desarrollo Productivo y Trabajo, el IFE evit\u00f3 que entre 2,7 y 4,5 millones de personas caigan transitoriamente en la pobreza y es una de las medidas de transferencias m\u00e1s grandes llevadas a cabo en el marco de la pandemia de la coronavirus (Covid-19).<\/p>\n<p>Asimismo, contribuy\u00f3 a ampliar la cobertura estatal de los sectores m\u00e1s vulnerables mediante transferencias monetarias que alzaron al 89% del decil m\u00e1s pobre de la poblaci\u00f3n.<\/p>\n","protected":false},"excerpt":{"rendered":"<p>As\u00ed lo anunci\u00f3 ayer la titular de la Administraci\u00f3n Nacional de la Seguridad Social (Anses), Fernanda Raverta, en una conferencia de prensa en casa de Gobierno &nbsp; &nbsp; El Gobierno nacional anunci\u00f3 que a partir del 8 de junio comenzar\u00e1 a pagar la segunda etapa del Ingreso Familiar de Emergencia (IFE). La directora ejecutiva de la Anses, Mar\u00eda Fernanda Raverta, anunci\u00f3 que &#8220;las casi 9 millones de personas&#8221; que ya cobraron el Ingreso Familiar de Emergencia (IFE) &#8220;volver\u00e1n hacerlo en la segunda vuelta del bono en este mes&#8221;. Fue en&#8230;<\/p>\n","protected":false},"author":3,"featured_media":62284,"comment_status":"closed","ping_status":"closed","sticky":false,"template":"","format":"standard","meta":[],"categories":[9],"tags":[],"_links":{"self":[{"href":"https:\/\/www.actualidadadiario.com\/index.php\/wp-json\/wp\/v2\/posts\/62283"}],"collection":[{"href":"https:\/\/www.actualidadadiario.com\/index.php\/wp-json\/wp\/v2\/posts"}],"about":[{"href":"https:\/\/www.actualidadadiario.com\/index.php\/wp-json\/wp\/v2\/types\/post"}],"author":[{"embeddable":true,"href":"https:\/\/www.actualidadadiario.com\/index.php\/wp-json\/wp\/v2\/users\/3"}],"replies":[{"embeddable":true,"href":"https:\/\/www.actualidadadiario.com\/index.php\/wp-json\/wp\/v2\/comments?post=62283"}],"version-history":[{"count":1,"href":"https:\/\/www.actualidadadiario.com\/index.php\/wp-json\/wp\/v2\/posts\/62283\/revisions"}],"predecessor-version":[{"id":62285,"href":"https:\/\/www.actualidadadiario.com\/index.php\/wp-json\/wp\/v2\/posts\/62283\/revisions\/62285"}],"wp:featuredmedia":[{"embeddable":true,"href":"https:\/\/www.actualidadadiario.com\/index.php\/wp-json\/wp\/v2\/media\/62284"}],"wp:attachment":[{"href":"https:\/\/www.actualidadadiario.com\/index.php\/wp-json\/wp\/v2\/media?parent=62283"}],"wp:term":[{"taxonomy":"category","embeddable":true,"href":"https:\/\/www.actualidadadiario.com\/index.php\/wp-json\/wp\/v2\/categories?post=62283"},{"taxonomy":"post_tag","embeddable":true,"href":"https:\/\/www.actualidadadiario.com\/index.php\/wp-json\/wp\/v2\/tags?post=62283"}],"curies":[{"name":"wp","href":"https:\/\/api.w.org\/{rel}","templated":true}]}}