{"id":62267,"date":"2020-06-02T11:58:24","date_gmt":"2020-06-02T14:58:24","guid":{"rendered":"https:\/\/www.actualidadadiario.com\/?p=62267"},"modified":"2020-06-02T11:58:24","modified_gmt":"2020-06-02T14:58:24","slug":"haran-una-evaluacion-nacional-para-planificar-el-regreso-a-las-aulas","status":"publish","type":"post","link":"https:\/\/www.actualidadadiario.com\/index.php\/2020\/06\/02\/haran-una-evaluacion-nacional-para-planificar-el-regreso-a-las-aulas\/","title":{"rendered":"Har\u00e1n una evaluaci\u00f3n nacional para planificar el regreso a las aulas"},"content":{"rendered":"<p style=\"text-align: center;\"><em><strong>Participar\u00e1n docentes, directivos y familias. Buscan reunir informaci\u00f3n sobre c\u00f3mo se viene desarrollando la continuidad educativa durante la pandemia<\/strong><\/em><\/p>\n<p>&nbsp;<\/p>\n<p>&nbsp;<\/p>\n<p>El Ministerio de Educaci\u00f3n de la Naci\u00f3n anunci\u00f3 este lunes la realizaci\u00f3n de la Evaluaci\u00f3n Nacional del Proceso de Continuidad Pedag\u00f3gica, en la que participar\u00e1n docentes, directivos y familias, para reunir informaci\u00f3n sobre c\u00f3mo se viene desarrollando la continuidad educativa durante la pandemia de Covid-19 y planificar el regreso a las aulas.<\/p>\n<p>La encuesta se realizar\u00e1 durante junio y julio e incluir\u00e1 una encuesta a 30.000 directivos y docentes de todo el pa\u00eds, pero tambi\u00e9n ser\u00e1n consultadas 2.800 familias sobre las actividades realizadas desde sus casas durante el per\u00edodo de aislamiento.<\/p>\n<p>&#8220;La evaluaci\u00f3n nacional del proceso de continuidad pedag\u00f3gica y la determinaci\u00f3n del regreso f\u00edsico a las aulas, cuando la salud lo permita, son los dos componentes centrales que debemos tener para trazar una hoja de ruta para este ciclo 2020&#8221;, dijo el ministro de Educaci\u00f3n de la Naci\u00f3n, Nicol\u00e1s Trotta.<\/p>\n<p>Explic\u00f3 que &#8220;este proceso de evaluaci\u00f3n fue aprobado por unanimidad en el \u00faltimo Consejo Federal de Educaci\u00f3n, con el acompa\u00f1amiento de las 23 provincias y la Ciudad Aut\u00f3noma de Buenos Aires, el aval de los sindicatos docentes y del Consejo Interuniversitario Nacional&#8221;.<\/p>\n<p>La evaluaci\u00f3n, que fue aprobada por la Resoluci\u00f3n 363\/2020 del Consejo Federal de Educaci\u00f3n, incluir\u00e1 una encuesta en l\u00ednea con preguntas abiertas y cerradas, as\u00ed como entrevistas en profundidad, de las que participar\u00e1n 5.000 directivos y 25 mil docentes de nivel inicial, primario y secundario de todo el pa\u00eds.<\/p>\n<p>Asimismo, se realizar\u00e1 una encuesta a 2.800 familias en conjunto con el Programa de Educaci\u00f3n de UNICEF.<\/p>\n","protected":false},"excerpt":{"rendered":"<p>Participar\u00e1n docentes, directivos y familias. Buscan reunir informaci\u00f3n sobre c\u00f3mo se viene desarrollando la continuidad educativa durante la pandemia &nbsp; &nbsp; El Ministerio de Educaci\u00f3n de la Naci\u00f3n anunci\u00f3 este lunes la realizaci\u00f3n de la Evaluaci\u00f3n Nacional del Proceso de Continuidad Pedag\u00f3gica, en la que participar\u00e1n docentes, directivos y familias, para reunir informaci\u00f3n sobre c\u00f3mo se viene desarrollando la continuidad educativa durante la pandemia de Covid-19 y planificar el regreso a las aulas. La encuesta se realizar\u00e1 durante junio y julio e incluir\u00e1 una encuesta a 30.000 directivos y docentes&#8230;<\/p>\n","protected":false},"author":3,"featured_media":62268,"comment_status":"closed","ping_status":"closed","sticky":false,"template":"","format":"standard","meta":[],"categories":[2],"tags":[],"_links":{"self":[{"href":"https:\/\/www.actualidadadiario.com\/index.php\/wp-json\/wp\/v2\/posts\/62267"}],"collection":[{"href":"https:\/\/www.actualidadadiario.com\/index.php\/wp-json\/wp\/v2\/posts"}],"about":[{"href":"https:\/\/www.actualidadadiario.com\/index.php\/wp-json\/wp\/v2\/types\/post"}],"author":[{"embeddable":true,"href":"https:\/\/www.actualidadadiario.com\/index.php\/wp-json\/wp\/v2\/users\/3"}],"replies":[{"embeddable":true,"href":"https:\/\/www.actualidadadiario.com\/index.php\/wp-json\/wp\/v2\/comments?post=62267"}],"version-history":[{"count":1,"href":"https:\/\/www.actualidadadiario.com\/index.php\/wp-json\/wp\/v2\/posts\/62267\/revisions"}],"predecessor-version":[{"id":62269,"href":"https:\/\/www.actualidadadiario.com\/index.php\/wp-json\/wp\/v2\/posts\/62267\/revisions\/62269"}],"wp:featuredmedia":[{"embeddable":true,"href":"https:\/\/www.actualidadadiario.com\/index.php\/wp-json\/wp\/v2\/media\/62268"}],"wp:attachment":[{"href":"https:\/\/www.actualidadadiario.com\/index.php\/wp-json\/wp\/v2\/media?parent=62267"}],"wp:term":[{"taxonomy":"category","embeddable":true,"href":"https:\/\/www.actualidadadiario.com\/index.php\/wp-json\/wp\/v2\/categories?post=62267"},{"taxonomy":"post_tag","embeddable":true,"href":"https:\/\/www.actualidadadiario.com\/index.php\/wp-json\/wp\/v2\/tags?post=62267"}],"curies":[{"name":"wp","href":"https:\/\/api.w.org\/{rel}","templated":true}]}}