{"id":62265,"date":"2020-06-02T11:57:39","date_gmt":"2020-06-02T14:57:39","guid":{"rendered":"https:\/\/www.actualidadadiario.com\/?p=62265"},"modified":"2020-06-02T11:57:39","modified_gmt":"2020-06-02T14:57:39","slug":"alivio-para-economias-regionales-restablecen-el-decreto-814","status":"publish","type":"post","link":"https:\/\/www.actualidadadiario.com\/index.php\/2020\/06\/02\/alivio-para-economias-regionales-restablecen-el-decreto-814\/","title":{"rendered":"Alivio para econom\u00edas regionales: restablecen el decreto 814"},"content":{"rendered":"<p style=\"text-align: center;\"><em><strong>El Gobierno volver\u00e1 a poner en vigencia la medida suspendida por Macri, que permit\u00eda compensar asimetr\u00edas a trav\u00e9s de aportes patronales<\/strong><\/em><\/p>\n<p>&nbsp;<\/p>\n<p>&nbsp;<\/p>\n<p>El ministro de Desarrollo Productivo, Mat\u00edas Kulfas, adelant\u00f3 que el Gobierno restablecer\u00e1 el decreto 814 que permite compensar aportes patronales para los productores de econom\u00edas regionales. La decisi\u00f3n, que a\u00fan est\u00e1 en an\u00e1lisis pero que ser\u00eda anunciada en los pr\u00f3ximos d\u00edas, gener\u00f3 un fuerte alivio en las empresas del interior del pa\u00eds.<\/p>\n<p>&#8220;Es una medida s\u00faper importante para las econom\u00edas regionales, las m\u00e1s alejadas y las perif\u00e9ricas. Esta es una decisi\u00f3n federal que felicito porque lo ven\u00edamos pidiendo hace mucho tiempo&#8221;, afirm\u00f3 el salte\u00f1o Jos\u00e9 Urtubey, integrante del Comit\u00e9 Ejecutivo de la UIA.<\/p>\n<p>El empresario record\u00f3 que la eliminaci\u00f3n progresiva del decreto 814 implementado en 2001 y derogado en 2017 &#8220;fue dejado de lado por el Gobierno de (Mauricio) Macri&#8221;, a pesar de los reclamos de los industriales que reclamaban medidas que permitan el desarrollo industrial con car\u00e1cter federal.<\/p>\n<p>&#8220;Era una herramienta importante para compensar asimetr\u00edas&#8221;, indic\u00f3 Kulfas.<\/p>\n","protected":false},"excerpt":{"rendered":"<p>El Gobierno volver\u00e1 a poner en vigencia la medida suspendida por Macri, que permit\u00eda compensar asimetr\u00edas a trav\u00e9s de aportes patronales &nbsp; &nbsp; El ministro de Desarrollo Productivo, Mat\u00edas Kulfas, adelant\u00f3 que el Gobierno restablecer\u00e1 el decreto 814 que permite compensar aportes patronales para los productores de econom\u00edas regionales. La decisi\u00f3n, que a\u00fan est\u00e1 en an\u00e1lisis pero que ser\u00eda anunciada en los pr\u00f3ximos d\u00edas, gener\u00f3 un fuerte alivio en las empresas del interior del pa\u00eds. &#8220;Es una medida s\u00faper importante para las econom\u00edas regionales, las m\u00e1s alejadas y las perif\u00e9ricas&#8230;.<\/p>\n","protected":false},"author":3,"featured_media":60390,"comment_status":"closed","ping_status":"closed","sticky":false,"template":"","format":"standard","meta":[],"categories":[2],"tags":[],"_links":{"self":[{"href":"https:\/\/www.actualidadadiario.com\/index.php\/wp-json\/wp\/v2\/posts\/62265"}],"collection":[{"href":"https:\/\/www.actualidadadiario.com\/index.php\/wp-json\/wp\/v2\/posts"}],"about":[{"href":"https:\/\/www.actualidadadiario.com\/index.php\/wp-json\/wp\/v2\/types\/post"}],"author":[{"embeddable":true,"href":"https:\/\/www.actualidadadiario.com\/index.php\/wp-json\/wp\/v2\/users\/3"}],"replies":[{"embeddable":true,"href":"https:\/\/www.actualidadadiario.com\/index.php\/wp-json\/wp\/v2\/comments?post=62265"}],"version-history":[{"count":1,"href":"https:\/\/www.actualidadadiario.com\/index.php\/wp-json\/wp\/v2\/posts\/62265\/revisions"}],"predecessor-version":[{"id":62266,"href":"https:\/\/www.actualidadadiario.com\/index.php\/wp-json\/wp\/v2\/posts\/62265\/revisions\/62266"}],"wp:featuredmedia":[{"embeddable":true,"href":"https:\/\/www.actualidadadiario.com\/index.php\/wp-json\/wp\/v2\/media\/60390"}],"wp:attachment":[{"href":"https:\/\/www.actualidadadiario.com\/index.php\/wp-json\/wp\/v2\/media?parent=62265"}],"wp:term":[{"taxonomy":"category","embeddable":true,"href":"https:\/\/www.actualidadadiario.com\/index.php\/wp-json\/wp\/v2\/categories?post=62265"},{"taxonomy":"post_tag","embeddable":true,"href":"https:\/\/www.actualidadadiario.com\/index.php\/wp-json\/wp\/v2\/tags?post=62265"}],"curies":[{"name":"wp","href":"https:\/\/api.w.org\/{rel}","templated":true}]}}