{"id":62263,"date":"2020-06-02T11:57:01","date_gmt":"2020-06-02T14:57:01","guid":{"rendered":"https:\/\/www.actualidadadiario.com\/?p=62263"},"modified":"2020-06-02T11:57:01","modified_gmt":"2020-06-02T14:57:01","slug":"gobernadores-encaran-tramo-final-de-la-cuarentena","status":"publish","type":"post","link":"https:\/\/www.actualidadadiario.com\/index.php\/2020\/06\/02\/gobernadores-encaran-tramo-final-de-la-cuarentena\/","title":{"rendered":"Gobernadores encaran tramo final de la cuarentena"},"content":{"rendered":"<p style=\"text-align: center;\"><em><strong>Los mejores resultados en el manejo de la crisis por el coronavirus permiten avanzar hacia la fase 5<\/strong><\/em><\/p>\n<p>&nbsp;<\/p>\n<p>&nbsp;<\/p>\n<p>La brecha entre la mayor\u00eda de las provincias y el AMBA se encamina a profundizarse definitivamente la pr\u00f3xima semana, en caso de que muchos distritos entren en la fase 5 de la cuarentena, la \u00faltima del plan de aislamiento dise\u00f1ado por el gobierno de Alberto Fern\u00e1ndez para contener la pandemia del coronavirus. Hasta ahora s\u00f3lo Corrientes logr\u00f3 pasar a esa fase.<\/p>\n<p>En ese lote se anotan de antemano -aunque con prudencia- C\u00f3rdoba, Jujuy, Salta, Catamarca y Formosa (las \u00fanicas que nunca tuvieron un caso positivo), Neuqu\u00e9n, Tierra del Fuego, San Juan, Santiago del Estero y La Pampa, entre otras.<\/p>\n<p>Precisamente, el contraste con la Ciudad de Buenos Aires y el conurbano bonaerense por la apertura gradual de la actividad econ\u00f3mica en el resto de las provincias, que casi alcanza al 80% del pa\u00eds, gener\u00f3 reacciones como la de ayer del gobernador de La Pampa, Sergio Ziliotto. El mandatario del PJ dijo que \u201ca la Argentina que trabaja le sobran muchos porte\u00f1os\u201d.<\/p>\n<p>La menci\u00f3n no pas\u00f3 desapercibida en un contexto en el que las provincias han logrado mejores resultados en el control de la enfermedad, una condici\u00f3n que les permite ya a casi todos los distritos no s\u00f3lo poner de pie la econom\u00eda, sino devolverles a los ciudadanos la posibilidad de recuperar los encuentros familiares (ayer los habilit\u00f3 tambi\u00e9n Entre R\u00edos), las salidas a bares y restaurantes, los deportes y hasta el turismo local.<\/p>\n<p>La nueva normalidad en la que ha ingresado el interior tambi\u00e9n comienza a dar algunas se\u00f1ales de alivio en t\u00e9rminos econ\u00f3micos. Con mucha prudencia, varios ministros de Econom\u00eda consultados por este diario coincidieron en que los niveles de coparticipaci\u00f3n comienzan a mostrar alguna ligera mejor\u00eda de la mano de una reactivaci\u00f3n de la productividad, focalizada en las provincias.<\/p>\n","protected":false},"excerpt":{"rendered":"<p>Los mejores resultados en el manejo de la crisis por el coronavirus permiten avanzar hacia la fase 5 &nbsp; &nbsp; La brecha entre la mayor\u00eda de las provincias y el AMBA se encamina a profundizarse definitivamente la pr\u00f3xima semana, en caso de que muchos distritos entren en la fase 5 de la cuarentena, la \u00faltima del plan de aislamiento dise\u00f1ado por el gobierno de Alberto Fern\u00e1ndez para contener la pandemia del coronavirus. Hasta ahora s\u00f3lo Corrientes logr\u00f3 pasar a esa fase. En ese lote se anotan de antemano -aunque con&#8230;<\/p>\n","protected":false},"author":3,"featured_media":61474,"comment_status":"closed","ping_status":"closed","sticky":false,"template":"","format":"standard","meta":[],"categories":[9],"tags":[],"_links":{"self":[{"href":"https:\/\/www.actualidadadiario.com\/index.php\/wp-json\/wp\/v2\/posts\/62263"}],"collection":[{"href":"https:\/\/www.actualidadadiario.com\/index.php\/wp-json\/wp\/v2\/posts"}],"about":[{"href":"https:\/\/www.actualidadadiario.com\/index.php\/wp-json\/wp\/v2\/types\/post"}],"author":[{"embeddable":true,"href":"https:\/\/www.actualidadadiario.com\/index.php\/wp-json\/wp\/v2\/users\/3"}],"replies":[{"embeddable":true,"href":"https:\/\/www.actualidadadiario.com\/index.php\/wp-json\/wp\/v2\/comments?post=62263"}],"version-history":[{"count":1,"href":"https:\/\/www.actualidadadiario.com\/index.php\/wp-json\/wp\/v2\/posts\/62263\/revisions"}],"predecessor-version":[{"id":62264,"href":"https:\/\/www.actualidadadiario.com\/index.php\/wp-json\/wp\/v2\/posts\/62263\/revisions\/62264"}],"wp:featuredmedia":[{"embeddable":true,"href":"https:\/\/www.actualidadadiario.com\/index.php\/wp-json\/wp\/v2\/media\/61474"}],"wp:attachment":[{"href":"https:\/\/www.actualidadadiario.com\/index.php\/wp-json\/wp\/v2\/media?parent=62263"}],"wp:term":[{"taxonomy":"category","embeddable":true,"href":"https:\/\/www.actualidadadiario.com\/index.php\/wp-json\/wp\/v2\/categories?post=62263"},{"taxonomy":"post_tag","embeddable":true,"href":"https:\/\/www.actualidadadiario.com\/index.php\/wp-json\/wp\/v2\/tags?post=62263"}],"curies":[{"name":"wp","href":"https:\/\/api.w.org\/{rel}","templated":true}]}}