{"id":62260,"date":"2020-06-02T11:55:57","date_gmt":"2020-06-02T14:55:57","guid":{"rendered":"https:\/\/www.actualidadadiario.com\/?p=62260"},"modified":"2020-06-02T11:55:57","modified_gmt":"2020-06-02T14:55:57","slug":"federacion-bloquea-los-accesos-a-la-ciudad","status":"publish","type":"post","link":"https:\/\/www.actualidadadiario.com\/index.php\/2020\/06\/02\/federacion-bloquea-los-accesos-a-la-ciudad\/","title":{"rendered":"Federaci\u00f3n bloquea los accesos a la ciudad"},"content":{"rendered":"<p style=\"text-align: center;\"><em><strong>El intendente de Federaci\u00f3n, Ricardo Bravo, explic\u00f3 que las medidas adoptadas tras la aparici\u00f3n de pacientes positivos de Covid en Chajar\u00ed y Mocoret\u00e1, buscan \u201cprevenir\u201d la salud, pero a la vez asegurar que \u201csi aparece un caso, lo podamos controlar\u201d. Defendi\u00f3 el trabajo coordinado con la Naci\u00f3n y la provincia, tras la pol\u00e9mica generada por las habilitaciones sin autorizaci\u00f3n en algunas comunas<\/strong><\/em><\/p>\n<p>&nbsp;<\/p>\n<p>&nbsp;<\/p>\n<p>\u201cDesde el momento en que conocimos la noticia de que en la ciudad de Mocoret\u00e1 (Corrientes) hab\u00eda casos positivos y despu\u00e9s en Chajar\u00ed, nos juntamos para poder tomar algunas medidas, por el acercamiento y las relaciones que hay entre ciudades\u201d, precis\u00f3 el jefe comunal.<\/p>\n<p>Concretamente, el municipio resolvi\u00f3 bloquear \u201calgunos accesos alternativos a la ciudad para tener mucho m\u00e1s control y lograr que toda la gente que venga a Federaci\u00f3n entre por un solo lugar\u201d. Seg\u00fan precis\u00f3, muchas personas relacionadas a actividades como transporte, salud, fuerzas de seguridad, trabajan afuera.<\/p>\n<p>Paralelamente se resolvi\u00f3 suspender por esta semana las actividades f\u00edsicas al aire libre y caminatas, que hab\u00edan sido autorizadas. La raz\u00f3n fue \u201cdesobediencia\u201d, dijo Bravo, al explicar que se labraron \u201cmuchas actas de incumplimiento\u201d.<\/p>\n<p>\u201cVamos a evaluar esta semana c\u00f3mo seguimos y cu\u00e1les son las medidas que vamos a tomar para que esto se haga con mucho m\u00e1s control y que la gente pueda tomar conciencia\u201d, agreg\u00f3.<\/p>\n<p>Consultado sobre la pol\u00e9mica generada entre los intendentes del PJ y Cambiemos por las habilitaciones, opin\u00f3: \u201cNosotros siempre estamos respetando la directiva del presidente y del gobernador de la provincia, porque es la manera de hacer un trabajo en conjunto y que el cuidado sea m\u00e1s efectivo. Despu\u00e9s cada uno de los intendentes es responsable de cada medida o determinaci\u00f3n que tome en cada\u00a0 ciudad. Como intendente de Federaci\u00f3n quiero cuidar a los ciudadanos de mi localidad y tomar todas las medidas de precauci\u00f3n y prevenci\u00f3n para que, si aparece un caso, lo podamos controlar\u201d.<\/p>\n<p>\u201cLas medidas que vamos tomando es para tener el control si llegamos a tener un caso\u201d, insisti\u00f3 Bravo. Justamente una de las preocupaciones generadas en la vecina Mocoret\u00e1, situada a 15 kil\u00f3metros de Chajar\u00ed, fue que se perdi\u00f3 \u201cel rastro del virus\u201d, tal como reconoci\u00f3 su intendente Juan Pablo Fornaroli.<\/p>\n<p>Adem\u00e1s de las medidas adoptadas por la comuna de Federaci\u00f3n, el intendente insisti\u00f3 en que \u201choy el compromiso m\u00e1s grande lo tiene cada uno de los vecinos, tiene que concientizarse en poder tomar todas las medidas de precauci\u00f3n, utilizar los elementos de bioseguridad, salir lo menos posible, tomar el distanciamiento\u201d.<\/p>\n","protected":false},"excerpt":{"rendered":"<p>El intendente de Federaci\u00f3n, Ricardo Bravo, explic\u00f3 que las medidas adoptadas tras la aparici\u00f3n de pacientes positivos de Covid en Chajar\u00ed y Mocoret\u00e1, buscan \u201cprevenir\u201d la salud, pero a la vez asegurar que \u201csi aparece un caso, lo podamos controlar\u201d. Defendi\u00f3 el trabajo coordinado con la Naci\u00f3n y la provincia, tras la pol\u00e9mica generada por las habilitaciones sin autorizaci\u00f3n en algunas comunas &nbsp; &nbsp; \u201cDesde el momento en que conocimos la noticia de que en la ciudad de Mocoret\u00e1 (Corrientes) hab\u00eda casos positivos y despu\u00e9s en Chajar\u00ed, nos juntamos para&#8230;<\/p>\n","protected":false},"author":3,"featured_media":62261,"comment_status":"closed","ping_status":"closed","sticky":false,"template":"","format":"standard","meta":[],"categories":[15],"tags":[],"_links":{"self":[{"href":"https:\/\/www.actualidadadiario.com\/index.php\/wp-json\/wp\/v2\/posts\/62260"}],"collection":[{"href":"https:\/\/www.actualidadadiario.com\/index.php\/wp-json\/wp\/v2\/posts"}],"about":[{"href":"https:\/\/www.actualidadadiario.com\/index.php\/wp-json\/wp\/v2\/types\/post"}],"author":[{"embeddable":true,"href":"https:\/\/www.actualidadadiario.com\/index.php\/wp-json\/wp\/v2\/users\/3"}],"replies":[{"embeddable":true,"href":"https:\/\/www.actualidadadiario.com\/index.php\/wp-json\/wp\/v2\/comments?post=62260"}],"version-history":[{"count":1,"href":"https:\/\/www.actualidadadiario.com\/index.php\/wp-json\/wp\/v2\/posts\/62260\/revisions"}],"predecessor-version":[{"id":62262,"href":"https:\/\/www.actualidadadiario.com\/index.php\/wp-json\/wp\/v2\/posts\/62260\/revisions\/62262"}],"wp:featuredmedia":[{"embeddable":true,"href":"https:\/\/www.actualidadadiario.com\/index.php\/wp-json\/wp\/v2\/media\/62261"}],"wp:attachment":[{"href":"https:\/\/www.actualidadadiario.com\/index.php\/wp-json\/wp\/v2\/media?parent=62260"}],"wp:term":[{"taxonomy":"category","embeddable":true,"href":"https:\/\/www.actualidadadiario.com\/index.php\/wp-json\/wp\/v2\/categories?post=62260"},{"taxonomy":"post_tag","embeddable":true,"href":"https:\/\/www.actualidadadiario.com\/index.php\/wp-json\/wp\/v2\/tags?post=62260"}],"curies":[{"name":"wp","href":"https:\/\/api.w.org\/{rel}","templated":true}]}}