{"id":62254,"date":"2020-06-02T11:54:28","date_gmt":"2020-06-02T14:54:28","guid":{"rendered":"https:\/\/www.actualidadadiario.com\/?p=62254"},"modified":"2020-06-02T11:54:28","modified_gmt":"2020-06-02T14:54:28","slug":"se-perfilan-los-nombres-para-ocupar-la-presidencia-del-tribunal-de-cuentas","status":"publish","type":"post","link":"https:\/\/www.actualidadadiario.com\/index.php\/2020\/06\/02\/se-perfilan-los-nombres-para-ocupar-la-presidencia-del-tribunal-de-cuentas\/","title":{"rendered":"Se perfilan los nombres para ocupar la presidencia del Tribunal de Cuentas"},"content":{"rendered":"<p style=\"text-align: center;\"><em><strong>Cumplida la etapa de oposici\u00f3n del concurso que se realiza en el Consejo de la Magistratura, tres postulantes han quedado en mejor posici\u00f3n para ocupar la presidencia del Tribunal de Cuentas, seg\u00fan informaron fuentes oficiales. Resta a\u00fan producir la entrevista, tras lo cual el Consejo elevar\u00e1 al Poder Ejecutivo una terna<\/strong><\/em><\/p>\n<p>&nbsp;<\/p>\n<p>&nbsp;<\/p>\n<p>Dos de las tres etapas del proceso de selecci\u00f3n de postulantes para ocupar la presidencia del Tribunal de Cuentas ya se han cumplimentado. Se trata de la calificaci\u00f3n de antecedentes de quienes se han anotado en la compulsa y de la evaluaci\u00f3n de la prueba de oposici\u00f3n escrita que se concret\u00f3 el 19 de noviembre del a\u00f1o pasado.<\/p>\n<p>Superadas estas instancias, los mejores puntajes han correspondido al diputado provincial Diego Lara; al actual presidente provisional del \u00f3rgano de control Federico Tomas y la asesora jur\u00eddica del organismo, Nanci Vinagre, en ese orden, adelantaron fuentes oficiales.<\/p>\n<p>Resta ahora que el Consejo de la Magistratura ponga fecha para la realizaci\u00f3n de las entrevistas personales. Cumplida esta \u00faltima etapa, se deber\u00e1 elevar al Poder Ejecutivo una terna con los tres mejores calificados. Seg\u00fan la ley 10.436 este orden tendr\u00e1 \u201ccar\u00e1cter vinculante\u201d para el gobernador Gustavo Bordet, que estar\u00e1 obligado entonces a enviar al Senado el pliego de uno de estos tres para ser nombrado en el cargo.<\/p>\n","protected":false},"excerpt":{"rendered":"<p>Cumplida la etapa de oposici\u00f3n del concurso que se realiza en el Consejo de la Magistratura, tres postulantes han quedado en mejor posici\u00f3n para ocupar la presidencia del Tribunal de Cuentas, seg\u00fan informaron fuentes oficiales. Resta a\u00fan producir la entrevista, tras lo cual el Consejo elevar\u00e1 al Poder Ejecutivo una terna &nbsp; &nbsp; Dos de las tres etapas del proceso de selecci\u00f3n de postulantes para ocupar la presidencia del Tribunal de Cuentas ya se han cumplimentado. Se trata de la calificaci\u00f3n de antecedentes de quienes se han anotado en la&#8230;<\/p>\n","protected":false},"author":3,"featured_media":62255,"comment_status":"closed","ping_status":"closed","sticky":false,"template":"","format":"standard","meta":[],"categories":[15],"tags":[],"_links":{"self":[{"href":"https:\/\/www.actualidadadiario.com\/index.php\/wp-json\/wp\/v2\/posts\/62254"}],"collection":[{"href":"https:\/\/www.actualidadadiario.com\/index.php\/wp-json\/wp\/v2\/posts"}],"about":[{"href":"https:\/\/www.actualidadadiario.com\/index.php\/wp-json\/wp\/v2\/types\/post"}],"author":[{"embeddable":true,"href":"https:\/\/www.actualidadadiario.com\/index.php\/wp-json\/wp\/v2\/users\/3"}],"replies":[{"embeddable":true,"href":"https:\/\/www.actualidadadiario.com\/index.php\/wp-json\/wp\/v2\/comments?post=62254"}],"version-history":[{"count":1,"href":"https:\/\/www.actualidadadiario.com\/index.php\/wp-json\/wp\/v2\/posts\/62254\/revisions"}],"predecessor-version":[{"id":62256,"href":"https:\/\/www.actualidadadiario.com\/index.php\/wp-json\/wp\/v2\/posts\/62254\/revisions\/62256"}],"wp:featuredmedia":[{"embeddable":true,"href":"https:\/\/www.actualidadadiario.com\/index.php\/wp-json\/wp\/v2\/media\/62255"}],"wp:attachment":[{"href":"https:\/\/www.actualidadadiario.com\/index.php\/wp-json\/wp\/v2\/media?parent=62254"}],"wp:term":[{"taxonomy":"category","embeddable":true,"href":"https:\/\/www.actualidadadiario.com\/index.php\/wp-json\/wp\/v2\/categories?post=62254"},{"taxonomy":"post_tag","embeddable":true,"href":"https:\/\/www.actualidadadiario.com\/index.php\/wp-json\/wp\/v2\/tags?post=62254"}],"curies":[{"name":"wp","href":"https:\/\/api.w.org\/{rel}","templated":true}]}}