{"id":62247,"date":"2020-06-02T11:52:23","date_gmt":"2020-06-02T14:52:23","guid":{"rendered":"https:\/\/www.actualidadadiario.com\/?p=62247"},"modified":"2020-06-02T11:52:23","modified_gmt":"2020-06-02T14:52:23","slug":"este-lunes-se-registraron-dos-nuevos-casos-de-coronavirus-en-entre-rios","status":"publish","type":"post","link":"https:\/\/www.actualidadadiario.com\/index.php\/2020\/06\/02\/este-lunes-se-registraron-dos-nuevos-casos-de-coronavirus-en-entre-rios\/","title":{"rendered":"Este lunes se registraron dos nuevos casos de coronavirus en Entre R\u00edos"},"content":{"rendered":"<p style=\"text-align: center;\"><em><strong>El \u00e1rea de Vigilancia Epidemiol\u00f3gica del Ministerio de Salud, confirm\u00f3 que se registraron dos nuevos casos de coronavirus en la provincia. Uno corresponde a un adulto mayor con antecedente de viaje a Buenos Aires, mientras que el otro es una mujer joven oriunda de la localidad de Chajar\u00ed<\/strong><\/em><\/p>\n<p>&nbsp;<\/p>\n<p>&nbsp;<\/p>\n<p>El primer caso, detectado en una\u00a0 localidad del departamento Uruguay, corresponde a un adulto mayor con antecedente de viaje a zona de circulaci\u00f3n activa (Buenos Aires). Se encuentra internado en un efector p\u00fablico con un cuadro de neumon\u00eda.<\/p>\n<p>En tanto, que el otro caso identificado en la fecha corresponde a una mujer joven de la ciudad de Chajar\u00ed; se encuentra internada en aislamiento en el Hospital Santa Rosa, la cual mantuvo contacto estrecho con un caso confirmado de covid-19.<\/p>\n<p>De ese modo, en la provincia son 33 los casos confirmados, permanecen 7 casos en estudio, 26 fueron dados de alta\u00a0 y 1.100 ya han sido descartados.<\/p>\n","protected":false},"excerpt":{"rendered":"<p>El \u00e1rea de Vigilancia Epidemiol\u00f3gica del Ministerio de Salud, confirm\u00f3 que se registraron dos nuevos casos de coronavirus en la provincia. Uno corresponde a un adulto mayor con antecedente de viaje a Buenos Aires, mientras que el otro es una mujer joven oriunda de la localidad de Chajar\u00ed &nbsp; &nbsp; El primer caso, detectado en una\u00a0 localidad del departamento Uruguay, corresponde a un adulto mayor con antecedente de viaje a zona de circulaci\u00f3n activa (Buenos Aires). Se encuentra internado en un efector p\u00fablico con un cuadro de neumon\u00eda. En tanto,&#8230;<\/p>\n","protected":false},"author":3,"featured_media":59960,"comment_status":"closed","ping_status":"closed","sticky":false,"template":"","format":"standard","meta":[],"categories":[15],"tags":[],"_links":{"self":[{"href":"https:\/\/www.actualidadadiario.com\/index.php\/wp-json\/wp\/v2\/posts\/62247"}],"collection":[{"href":"https:\/\/www.actualidadadiario.com\/index.php\/wp-json\/wp\/v2\/posts"}],"about":[{"href":"https:\/\/www.actualidadadiario.com\/index.php\/wp-json\/wp\/v2\/types\/post"}],"author":[{"embeddable":true,"href":"https:\/\/www.actualidadadiario.com\/index.php\/wp-json\/wp\/v2\/users\/3"}],"replies":[{"embeddable":true,"href":"https:\/\/www.actualidadadiario.com\/index.php\/wp-json\/wp\/v2\/comments?post=62247"}],"version-history":[{"count":1,"href":"https:\/\/www.actualidadadiario.com\/index.php\/wp-json\/wp\/v2\/posts\/62247\/revisions"}],"predecessor-version":[{"id":62248,"href":"https:\/\/www.actualidadadiario.com\/index.php\/wp-json\/wp\/v2\/posts\/62247\/revisions\/62248"}],"wp:featuredmedia":[{"embeddable":true,"href":"https:\/\/www.actualidadadiario.com\/index.php\/wp-json\/wp\/v2\/media\/59960"}],"wp:attachment":[{"href":"https:\/\/www.actualidadadiario.com\/index.php\/wp-json\/wp\/v2\/media?parent=62247"}],"wp:term":[{"taxonomy":"category","embeddable":true,"href":"https:\/\/www.actualidadadiario.com\/index.php\/wp-json\/wp\/v2\/categories?post=62247"},{"taxonomy":"post_tag","embeddable":true,"href":"https:\/\/www.actualidadadiario.com\/index.php\/wp-json\/wp\/v2\/tags?post=62247"}],"curies":[{"name":"wp","href":"https:\/\/api.w.org\/{rel}","templated":true}]}}