{"id":62244,"date":"2020-06-02T11:51:26","date_gmt":"2020-06-02T14:51:26","guid":{"rendered":"https:\/\/www.actualidadadiario.com\/?p=62244"},"modified":"2020-06-02T11:51:41","modified_gmt":"2020-06-02T14:51:41","slug":"se-conocio-la-fecha-para-la-presentacion-de-informes-de-los-alumnos-en-cuarentena","status":"publish","type":"post","link":"https:\/\/www.actualidadadiario.com\/index.php\/2020\/06\/02\/se-conocio-la-fecha-para-la-presentacion-de-informes-de-los-alumnos-en-cuarentena\/","title":{"rendered":"Se conoci\u00f3 la fecha para la presentaci\u00f3n de informes de los alumnos en cuarentena"},"content":{"rendered":"<p style=\"text-align: center;\"><em><strong>Los docentes ya elaboran los informes. Deber\u00e1n dar a conocer all\u00ed c\u00f3mo fueron los procesos de aprendizajes de los ni\u00f1os, ni\u00f1as, adolescentes y adultos del sistema educativo provincial<\/strong><\/em><\/p>\n<p>&nbsp;<\/p>\n<p>&nbsp;<\/p>\n<p>A trav\u00e9s de la Resoluci\u00f3n 2005 del Consejo General de Educaci\u00f3n -CGE-, se establecieron las pautas por las cuales los docentes deber\u00e1n evaluar, a trav\u00e9s de un informe, los procesos formativos de los estudiantes en Entre R\u00edos, sin notas num\u00e9ricas, atento a los cambios que provoc\u00f3 la pandemia. Los mismos deber\u00e1n darse a conocer entre el 22 y 26 de junio.<\/p>\n<p>En el art\u00edculo 1\u00b0, seg\u00fan el texto, se aprueban las &#8220;Orientaciones para la Evaluaci\u00f3n de los Procesos de Aprendizaje en el Marco de la Emergencia Sanitaria&#8221; y las &#8220;Recomendaciones generales para el trabajo institucional con el Documento&#8221;, destinados a supervisores.<\/p>\n<p>Luego, se dispone que &#8220;el cierre del trimestre en esta etapa no aplicar\u00e1 escalas num\u00e9ricas o conceptuales de calificaci\u00f3n, en funci\u00f3n de que esta convenci\u00f3n del sistema no garantiza una valoraci\u00f3n justa de la heterogeneidad de trayectorias individuales y colectivas de las poblaciones escolares en este periodo de emergencia sanitaria&#8221;.<\/p>\n<p>Desde esta perspectiva el CGE aprueba las &#8220;Pautas de reorganizaci\u00f3n institucional del sistema educativo provincial&#8221; que establecen criterios y fundamentos para el cierre del trimestre del a\u00f1o escolar 2020, en funci\u00f3n del excepcional escenario de emergencia sanitaria provocado por la pandemia del Covid-19.<\/p>\n<p>En este contexto, se establece que las instituciones educativas dar\u00e1n a conocer a las familias entre el 22 y 26 de junio un Informe sobre la evaluaci\u00f3n de los procesos de aprendizajes llevados a cabo por ni\u00f1os, ni\u00f1as, adolescentes, j\u00f3venes y adultos durante el per\u00edodo de aislamiento social, preventivo y obligatorio.<\/p>\n","protected":false},"excerpt":{"rendered":"<p>Los docentes ya elaboran los informes. Deber\u00e1n dar a conocer all\u00ed c\u00f3mo fueron los procesos de aprendizajes de los ni\u00f1os, ni\u00f1as, adolescentes y adultos del sistema educativo provincial &nbsp; &nbsp; A trav\u00e9s de la Resoluci\u00f3n 2005 del Consejo General de Educaci\u00f3n -CGE-, se establecieron las pautas por las cuales los docentes deber\u00e1n evaluar, a trav\u00e9s de un informe, los procesos formativos de los estudiantes en Entre R\u00edos, sin notas num\u00e9ricas, atento a los cambios que provoc\u00f3 la pandemia. Los mismos deber\u00e1n darse a conocer entre el 22 y 26 de&#8230;<\/p>\n","protected":false},"author":3,"featured_media":58212,"comment_status":"closed","ping_status":"closed","sticky":false,"template":"","format":"standard","meta":[],"categories":[9],"tags":[],"_links":{"self":[{"href":"https:\/\/www.actualidadadiario.com\/index.php\/wp-json\/wp\/v2\/posts\/62244"}],"collection":[{"href":"https:\/\/www.actualidadadiario.com\/index.php\/wp-json\/wp\/v2\/posts"}],"about":[{"href":"https:\/\/www.actualidadadiario.com\/index.php\/wp-json\/wp\/v2\/types\/post"}],"author":[{"embeddable":true,"href":"https:\/\/www.actualidadadiario.com\/index.php\/wp-json\/wp\/v2\/users\/3"}],"replies":[{"embeddable":true,"href":"https:\/\/www.actualidadadiario.com\/index.php\/wp-json\/wp\/v2\/comments?post=62244"}],"version-history":[{"count":2,"href":"https:\/\/www.actualidadadiario.com\/index.php\/wp-json\/wp\/v2\/posts\/62244\/revisions"}],"predecessor-version":[{"id":62246,"href":"https:\/\/www.actualidadadiario.com\/index.php\/wp-json\/wp\/v2\/posts\/62244\/revisions\/62246"}],"wp:featuredmedia":[{"embeddable":true,"href":"https:\/\/www.actualidadadiario.com\/index.php\/wp-json\/wp\/v2\/media\/58212"}],"wp:attachment":[{"href":"https:\/\/www.actualidadadiario.com\/index.php\/wp-json\/wp\/v2\/media?parent=62244"}],"wp:term":[{"taxonomy":"category","embeddable":true,"href":"https:\/\/www.actualidadadiario.com\/index.php\/wp-json\/wp\/v2\/categories?post=62244"},{"taxonomy":"post_tag","embeddable":true,"href":"https:\/\/www.actualidadadiario.com\/index.php\/wp-json\/wp\/v2\/tags?post=62244"}],"curies":[{"name":"wp","href":"https:\/\/api.w.org\/{rel}","templated":true}]}}