{"id":62239,"date":"2020-06-01T14:01:09","date_gmt":"2020-06-01T17:01:09","guid":{"rendered":"https:\/\/www.actualidadadiario.com\/?p=62239"},"modified":"2020-06-01T14:01:09","modified_gmt":"2020-06-01T17:01:09","slug":"coronavirus-16-jugadores-de-vasco-da-gama-dieron-positivo","status":"publish","type":"post","link":"https:\/\/www.actualidadadiario.com\/index.php\/2020\/06\/01\/coronavirus-16-jugadores-de-vasco-da-gama-dieron-positivo\/","title":{"rendered":"Coronavirus: 16 jugadores de Vasco da Gama dieron positivo"},"content":{"rendered":"<p style=\"text-align: center;\"><em><strong>Vasco da Gama de Brasil, que cuenta en su plantel con los argentinos Germ\u00e1n Cano y Mart\u00edn Ben\u00edtez, confirm\u00f3 que 16 de sus futbolistas resultaron positivos despu\u00e9s de ser testeados de coronavirus<\/strong><\/em><\/p>\n<p>&nbsp;<\/p>\n<p>El m\u00e9dico del club Marcos Teixeira anunci\u00f3 mediante un video subido a las redes sociales que todos ellos &#8220;ya han sido aislados&#8221; y precis\u00f3 que se realizaron 350 test a todos los atletas del Vasco, &#8220;de los cuales 43 han sido positivos&#8221;.<\/p>\n<p>Teixeira revel\u00f3 adem\u00e1s que otros tres futbolistas se hab\u00edan infectado con anterioridad pero asegur\u00f3 que &#8220;est\u00e1n curados&#8221;, gracias a lo que llam\u00f3 &#8220;un gran trabajo en el tema sanitario&#8221; dentro de la entidad de R\u00edo de Janeiro.<\/p>\n<p>La aparici\u00f3n de estos 16 jugadores con coronavirus volvi\u00f3 a poner en discusi\u00f3n la posibilidad de que retorne el f\u00fatbol en Brasil, en julio, como pidi\u00f3 el presidente de Brasil, Jair Bolsonaro. Hace 12 d\u00edas, el titular de Vasco, Alexandre Campello, y su par de Flamengo, Rodolfo Landim, se hab\u00edan reunido con el mandatario brasile\u00f1o para elaborar un protocolo que permitiera que ambos planteles se trasladaran a Brasilia para comenzar con los entrenamientos, teniendo en cuenta que el alcalde de R\u00edo de Janeiro, Marcelo Crivella, no autorizaba el regreso de las actividades deportivas en la ciudad.<\/p>\n<p>&#8220;Los jugadores son j\u00f3venes atletas y para nosotros el riesgo de contagio es m\u00ednimo y adem\u00e1s muchos de ellos deben volver a jugar para poder mantener a sus familias&#8221; dijo Bolsonaro, consultado sobre el tema.<\/p>\n<p>Las autoridades de R\u00edo de Janeiro y de otros estados no est\u00e1n de acuerdo con Bolsonaro y, por lo tanto, contin\u00faan discutiendo c\u00f3mo y cu\u00e1ndo comenzar de nuevo la actividad futbol\u00edstica en Brasil, donde el coronavirus infect\u00f3 a m\u00e1s de 500 mil personas y provoc\u00f3 casi 30 mil muertes.<\/p>\n","protected":false},"excerpt":{"rendered":"<p>Vasco da Gama de Brasil, que cuenta en su plantel con los argentinos Germ\u00e1n Cano y Mart\u00edn Ben\u00edtez, confirm\u00f3 que 16 de sus futbolistas resultaron positivos despu\u00e9s de ser testeados de coronavirus &nbsp; El m\u00e9dico del club Marcos Teixeira anunci\u00f3 mediante un video subido a las redes sociales que todos ellos &#8220;ya han sido aislados&#8221; y precis\u00f3 que se realizaron 350 test a todos los atletas del Vasco, &#8220;de los cuales 43 han sido positivos&#8221;. Teixeira revel\u00f3 adem\u00e1s que otros tres futbolistas se hab\u00edan infectado con anterioridad pero asegur\u00f3 que&#8230;<\/p>\n","protected":false},"author":3,"featured_media":62240,"comment_status":"closed","ping_status":"closed","sticky":false,"template":"","format":"standard","meta":[],"categories":[4],"tags":[],"_links":{"self":[{"href":"https:\/\/www.actualidadadiario.com\/index.php\/wp-json\/wp\/v2\/posts\/62239"}],"collection":[{"href":"https:\/\/www.actualidadadiario.com\/index.php\/wp-json\/wp\/v2\/posts"}],"about":[{"href":"https:\/\/www.actualidadadiario.com\/index.php\/wp-json\/wp\/v2\/types\/post"}],"author":[{"embeddable":true,"href":"https:\/\/www.actualidadadiario.com\/index.php\/wp-json\/wp\/v2\/users\/3"}],"replies":[{"embeddable":true,"href":"https:\/\/www.actualidadadiario.com\/index.php\/wp-json\/wp\/v2\/comments?post=62239"}],"version-history":[{"count":1,"href":"https:\/\/www.actualidadadiario.com\/index.php\/wp-json\/wp\/v2\/posts\/62239\/revisions"}],"predecessor-version":[{"id":62241,"href":"https:\/\/www.actualidadadiario.com\/index.php\/wp-json\/wp\/v2\/posts\/62239\/revisions\/62241"}],"wp:featuredmedia":[{"embeddable":true,"href":"https:\/\/www.actualidadadiario.com\/index.php\/wp-json\/wp\/v2\/media\/62240"}],"wp:attachment":[{"href":"https:\/\/www.actualidadadiario.com\/index.php\/wp-json\/wp\/v2\/media?parent=62239"}],"wp:term":[{"taxonomy":"category","embeddable":true,"href":"https:\/\/www.actualidadadiario.com\/index.php\/wp-json\/wp\/v2\/categories?post=62239"},{"taxonomy":"post_tag","embeddable":true,"href":"https:\/\/www.actualidadadiario.com\/index.php\/wp-json\/wp\/v2\/tags?post=62239"}],"curies":[{"name":"wp","href":"https:\/\/api.w.org\/{rel}","templated":true}]}}