{"id":62234,"date":"2020-06-01T13:59:10","date_gmt":"2020-06-01T16:59:10","guid":{"rendered":"https:\/\/www.actualidadadiario.com\/?p=62234"},"modified":"2020-06-01T13:59:10","modified_gmt":"2020-06-01T16:59:10","slug":"por-orden-de-francisco-el-vaticano-dejara-de-comprar-a-empresas-con-sede-en-paraisos-fiscales","status":"publish","type":"post","link":"https:\/\/www.actualidadadiario.com\/index.php\/2020\/06\/01\/por-orden-de-francisco-el-vaticano-dejara-de-comprar-a-empresas-con-sede-en-paraisos-fiscales\/","title":{"rendered":"Por orden de Francisco, el Vaticano dejar\u00e1 de comprar a empresas con sede en para\u00edsos fiscales"},"content":{"rendered":"<p style=\"text-align: center;\"><em><strong>El Papa Francisco asegur\u00f3 que esta medida es para permitir una gesti\u00f3n m\u00e1s eficaz de los recursos, adem\u00e1s de transparencia, el control en el Vaticano<\/strong><\/em><\/p>\n<p>&nbsp;<\/p>\n<p>&nbsp;<\/p>\n<p>Con un decreto del Papa Francisco, el Vaticano dispuso hoy una nueva legislaci\u00f3n de compras con eje en &#8220;transparencia, centralizaci\u00f3n y competencia&#8221;, por la que dejar\u00e1 de comprar &#8220;bienes, servicios, obras y trabajos&#8221; a empresas y personas que tengan su sede en para\u00edsos fiscales o que tengan accionistas residentes en esos Estados.<\/p>\n<p>Tras cuatro a\u00f1os de trabajo compartido entre diversos entes vaticanos, se dio a conocer hoy el decreto firmado por el papa Francisco que concentra las &#8220;Normas sobre la transparencia, el control y la competencia de los contratos p\u00fablicos de la Santa Sede y de la Ciudad del Vaticano&#8221;.<\/p>\n<p>&#8220;Para permitir una gesti\u00f3n m\u00e1s eficaz de los recursos consider\u00e9 aprobar un conjunto de reglas destinadas a promover la transparencia, el control y la competencia en adjudicaci\u00f3n de contratos p\u00fablicos celebrados en nombre de la Santa Sede y la Ciudad de Vaticano&#8221;, plante\u00f3 el Papa en la introducci\u00f3n de la nueva legislaci\u00f3n, divulgada este lunes por el Vaticano.<\/p>\n<p>La legislaci\u00f3n explicita que ser\u00e1n excluidos de las compras los proveedores &#8220;residentes o establecidos en Estados o territorios con reg\u00edmenes fiscales preferenciales, seg\u00fan lo dispuesto por las instituciones internacionales, de acuerdo a lo definido por la secretar\u00eda para la Econom\u00eda. Lo mismo sucede si tienen participaci\u00f3n directa o indirecta de sujetos residentes o establecido en los Estados o territorios antes mencionados&#8221;.<\/p>\n<p>A trav\u00e9s de casi 100 art\u00edculos, la legislaci\u00f3n se basa en la Convenci\u00f3n de las Naciones Unidas contra la corrupci\u00f3n, a la vez que sustituye y reemplaza a todas las normas sobre la materia vigentes en modo disperso entre la Administraci\u00f3n Patrimonial de la Sede Apost\u00f3lica (APSA) y la Gobernaci\u00f3n del Vaticano. Adem\u00e1s, esta ser\u00e1 v\u00e1lida para todos los entes de la Santa Sede.<\/p>\n<p>El fin de la nueva norma es el uso sostenible de los fondos internos, as\u00ed como la transparencia de los procesos de adjudicaci\u00f3n, seg\u00fan plantea el art\u00edculo 1.<\/p>\n<p>El art\u00edculo 5 de la nueva ley, por su parte, plantea la b\u00fasqueda de la &#8220;eticidad en el orientamiento de las elecciones econ\u00f3micas y de los interlocutores sobre par\u00e1metros de respeto de la Doctrina Social de la Iglesia&#8221;.<\/p>\n<p>El texto hace hincapi\u00e9 tambi\u00e9n en la importancia de evitar &#8220;conflictos de intereses&#8221;, para lo que se adoptar\u00e1n medidas para &#8220;eludir cualquier distorsi\u00f3n de la competencia y garantizar la paridad de tratamiento a todos los operadores econ\u00f3micos&#8221; oferentes de bienes y servicios a la Santa Sede.<\/p>\n<p>Adem\u00e1s de por la residencia en para\u00edsos fiscales, el elenco de prestadores de la Santa Sede excluir\u00e1 a los operadores que en el momento est\u00e9n siendo investigados o tengan condenas de primer grado por participaci\u00f3n en organizaciones criminales, corrupci\u00f3n, fraude o delitos terroristas, por lavado o por explotaci\u00f3n de menores.<\/p>\n<p>Habr\u00e1 tambi\u00e9n una lista de precios de referencia para los bienes y servicios que el Vaticano busque contratar. Las compras, que buscar\u00e1n ser planificadas hasta el 31 de octubre de cada a\u00f1o, ser\u00e1n supervisadas por un cuerpo de peritos formado por empleados del Vaticano.<\/p>\n","protected":false},"excerpt":{"rendered":"<p>El Papa Francisco asegur\u00f3 que esta medida es para permitir una gesti\u00f3n m\u00e1s eficaz de los recursos, adem\u00e1s de transparencia, el control en el Vaticano &nbsp; &nbsp; Con un decreto del Papa Francisco, el Vaticano dispuso hoy una nueva legislaci\u00f3n de compras con eje en &#8220;transparencia, centralizaci\u00f3n y competencia&#8221;, por la que dejar\u00e1 de comprar &#8220;bienes, servicios, obras y trabajos&#8221; a empresas y personas que tengan su sede en para\u00edsos fiscales o que tengan accionistas residentes en esos Estados. Tras cuatro a\u00f1os de trabajo compartido entre diversos entes vaticanos, se&#8230;<\/p>\n","protected":false},"author":3,"featured_media":62235,"comment_status":"closed","ping_status":"closed","sticky":false,"template":"","format":"standard","meta":[],"categories":[4],"tags":[],"_links":{"self":[{"href":"https:\/\/www.actualidadadiario.com\/index.php\/wp-json\/wp\/v2\/posts\/62234"}],"collection":[{"href":"https:\/\/www.actualidadadiario.com\/index.php\/wp-json\/wp\/v2\/posts"}],"about":[{"href":"https:\/\/www.actualidadadiario.com\/index.php\/wp-json\/wp\/v2\/types\/post"}],"author":[{"embeddable":true,"href":"https:\/\/www.actualidadadiario.com\/index.php\/wp-json\/wp\/v2\/users\/3"}],"replies":[{"embeddable":true,"href":"https:\/\/www.actualidadadiario.com\/index.php\/wp-json\/wp\/v2\/comments?post=62234"}],"version-history":[{"count":1,"href":"https:\/\/www.actualidadadiario.com\/index.php\/wp-json\/wp\/v2\/posts\/62234\/revisions"}],"predecessor-version":[{"id":62236,"href":"https:\/\/www.actualidadadiario.com\/index.php\/wp-json\/wp\/v2\/posts\/62234\/revisions\/62236"}],"wp:featuredmedia":[{"embeddable":true,"href":"https:\/\/www.actualidadadiario.com\/index.php\/wp-json\/wp\/v2\/media\/62235"}],"wp:attachment":[{"href":"https:\/\/www.actualidadadiario.com\/index.php\/wp-json\/wp\/v2\/media?parent=62234"}],"wp:term":[{"taxonomy":"category","embeddable":true,"href":"https:\/\/www.actualidadadiario.com\/index.php\/wp-json\/wp\/v2\/categories?post=62234"},{"taxonomy":"post_tag","embeddable":true,"href":"https:\/\/www.actualidadadiario.com\/index.php\/wp-json\/wp\/v2\/tags?post=62234"}],"curies":[{"name":"wp","href":"https:\/\/api.w.org\/{rel}","templated":true}]}}