{"id":62231,"date":"2020-06-01T13:58:31","date_gmt":"2020-06-01T16:58:31","guid":{"rendered":"https:\/\/www.actualidadadiario.com\/?p=62231"},"modified":"2020-06-01T13:58:31","modified_gmt":"2020-06-01T16:58:31","slug":"uruguay-luto-por-el-crimen-de-tres-marinos-en-una-base-a-las-afueras-de-montevideo","status":"publish","type":"post","link":"https:\/\/www.actualidadadiario.com\/index.php\/2020\/06\/01\/uruguay-luto-por-el-crimen-de-tres-marinos-en-una-base-a-las-afueras-de-montevideo\/","title":{"rendered":"Uruguay: luto por el crimen de tres marinos en una base a las afueras de Montevideo"},"content":{"rendered":"<p style=\"text-align: center;\"><em><strong>El ataque tuvo lugar ayer de madrugada, durante la guardia que realizaban las tres v\u00edctimas, identificadas como Juan Manuel Escobar, de 31 a\u00f1os, Alex Guillenea, de 25, y Alan Rodr\u00edguez, de 22, cuyos cuerpos presentaban heridas de bala en la cabeza<\/strong><\/em><\/p>\n<p>&nbsp;<\/p>\n<p>&nbsp;<\/p>\n<p>El presidente de Uruguay, Luis Lacalle Pou, decret\u00f3 que hoy y ma\u00f1ana sean jornadas de duelo nacional en el pa\u00eds por el asesinato de tres miembros de la infanter\u00eda de marina en una base en desuso situada a las afueras de la capital, Montevideo.<\/p>\n<p>El ataque tuvo lugar ayer de madrugada, durante la guardia que realizaban las tres v\u00edctimas, identificadas como Juan Manuel Escobar, de 31 a\u00f1os, Alex Guillenea, de 25, y Alan Rodr\u00edguez, de 22, cuyos cuerpos presentaban heridas de bala en la cabeza.<\/p>\n<p>Los atacantes, cuya identidad a\u00fan no se ha esclarecido, se llevaron las armas de las tres v\u00edctimas, las \u00fanicas que hab\u00eda en las instalaciones, seg\u00fan informa el peri\u00f3dico Subrayado.<\/p>\n<p>&#8220;El episodio violento de las \u00faltimas horas est\u00e1 abierto a todas las hip\u00f3tesis&#8221;, asegur\u00f3 Lacalle Pou en una comparecencia en la que prometi\u00f3 transparencia a la ciudadan\u00eda, siempre y cuando &#8220;esa informaci\u00f3n no entorpezca la investigaci\u00f3n que lleva a cabo la Fiscal\u00eda&#8221;.<\/p>\n<p>El mandatario dijo que con &#8220;serenidad y firmeza&#8221;, las autoridades buscar\u00e1n a los responsables &#8220;para as\u00ed ponerlos en manos de la Justicia&#8221;, y advirti\u00f3 que los uruguayos no est\u00e1n dispuestos &#8220;a que se naturalice la violencia en la sociedad&#8221;.<\/p>\n<p>El ministro de Defensa, Javier Garc\u00eda, que visit\u00f3 las instalaciones donde se produjo el ataque describi\u00f3 los hechos como &#8220;una atrocidad criminal&#8221; e insisti\u00f3 en que &#8220;toda la persecuci\u00f3n del Estado&#8221; caer\u00e1 sobre los responsables.<\/p>\n<p>Ayer, la fiscal de turno, Mirta Morales, concurri\u00f3 al lugar y dijo en rueda de prensa que no se descarta ninguna hip\u00f3tesis. \u201cSe encontraron tres muchachos muy jovencitos ultimados con disparos de arma de fuego. Hab\u00eda mucha sangre\u201d, se\u00f1al\u00f3.<\/p>\n<p>Adelant\u00f3 que hay c\u00e1maras en el lugar y precis\u00f3 que se puede contar con los videos para la investigaci\u00f3n. Adem\u00e1s, los infantes llevaban \u201cun registro, como una especie de bit\u00e1cora, que es objeto de investigaci\u00f3n. Por ahora estamos haciendo las pruebas de rigor\u201d.<\/p>\n","protected":false},"excerpt":{"rendered":"<p>El ataque tuvo lugar ayer de madrugada, durante la guardia que realizaban las tres v\u00edctimas, identificadas como Juan Manuel Escobar, de 31 a\u00f1os, Alex Guillenea, de 25, y Alan Rodr\u00edguez, de 22, cuyos cuerpos presentaban heridas de bala en la cabeza &nbsp; &nbsp; El presidente de Uruguay, Luis Lacalle Pou, decret\u00f3 que hoy y ma\u00f1ana sean jornadas de duelo nacional en el pa\u00eds por el asesinato de tres miembros de la infanter\u00eda de marina en una base en desuso situada a las afueras de la capital, Montevideo. El ataque tuvo&#8230;<\/p>\n","protected":false},"author":3,"featured_media":62232,"comment_status":"closed","ping_status":"closed","sticky":false,"template":"","format":"standard","meta":[],"categories":[4],"tags":[],"_links":{"self":[{"href":"https:\/\/www.actualidadadiario.com\/index.php\/wp-json\/wp\/v2\/posts\/62231"}],"collection":[{"href":"https:\/\/www.actualidadadiario.com\/index.php\/wp-json\/wp\/v2\/posts"}],"about":[{"href":"https:\/\/www.actualidadadiario.com\/index.php\/wp-json\/wp\/v2\/types\/post"}],"author":[{"embeddable":true,"href":"https:\/\/www.actualidadadiario.com\/index.php\/wp-json\/wp\/v2\/users\/3"}],"replies":[{"embeddable":true,"href":"https:\/\/www.actualidadadiario.com\/index.php\/wp-json\/wp\/v2\/comments?post=62231"}],"version-history":[{"count":1,"href":"https:\/\/www.actualidadadiario.com\/index.php\/wp-json\/wp\/v2\/posts\/62231\/revisions"}],"predecessor-version":[{"id":62233,"href":"https:\/\/www.actualidadadiario.com\/index.php\/wp-json\/wp\/v2\/posts\/62231\/revisions\/62233"}],"wp:featuredmedia":[{"embeddable":true,"href":"https:\/\/www.actualidadadiario.com\/index.php\/wp-json\/wp\/v2\/media\/62232"}],"wp:attachment":[{"href":"https:\/\/www.actualidadadiario.com\/index.php\/wp-json\/wp\/v2\/media?parent=62231"}],"wp:term":[{"taxonomy":"category","embeddable":true,"href":"https:\/\/www.actualidadadiario.com\/index.php\/wp-json\/wp\/v2\/categories?post=62231"},{"taxonomy":"post_tag","embeddable":true,"href":"https:\/\/www.actualidadadiario.com\/index.php\/wp-json\/wp\/v2\/tags?post=62231"}],"curies":[{"name":"wp","href":"https:\/\/api.w.org\/{rel}","templated":true}]}}