{"id":62225,"date":"2020-06-01T13:56:54","date_gmt":"2020-06-01T16:56:54","guid":{"rendered":"https:\/\/www.actualidadadiario.com\/?p=62225"},"modified":"2020-06-01T13:56:54","modified_gmt":"2020-06-01T16:56:54","slug":"ya-hemos-tenido-suficiente-dice-michael-jordan-tras-la-muerte-de-george-floyd","status":"publish","type":"post","link":"https:\/\/www.actualidadadiario.com\/index.php\/2020\/06\/01\/ya-hemos-tenido-suficiente-dice-michael-jordan-tras-la-muerte-de-george-floyd\/","title":{"rendered":"&#8220;Ya hemos tenido suficiente&#8221;, dice Michael Jordan tras la muerte de George Floyd"},"content":{"rendered":"<p style=\"text-align: center;\"><em><strong>La exestrella del baloncesto Michael Jordan expres\u00f3 su indignaci\u00f3n el domingo debido a la muerte de George Floyd, un ciudadano afroamericano que se muestra en un video sin aliento mientras un polic\u00eda blanco pone la rodilla sobre su cuello en Minneapolis, un incidente que ha generado manifestaciones multitudinarias en el pa\u00eds<\/strong><\/em><\/p>\n<p>&nbsp;<\/p>\n<p>Jordan afirm\u00f3 que su coraz\u00f3n estaba con la familia de Floyd y otros que han muerto por actos de racismo. &#8220;Estoy profundamente entristecido, realmente dolido y simplemente enfadado&#8221;, dijo en un comunicado Jordan, miembro del Sal\u00f3n de la Fama del Baloncesto y propietario de Charlotte Hornets de la NBA. &#8220;Veo y siento el dolor, la indignaci\u00f3n y la frustraci\u00f3n de todos&#8221;.<\/p>\n<p>&#8220;Estoy con los que denuncian el racismo arraigado y la violencia hacia las personas de color en nuestro pa\u00eds. Hemos tenido suficiente&#8221;, dice su comunicado.<\/p>\n<p>Los comentarios de Jordan se producen mientras muchas ciudades de Estados Unidos se preparaban para otra noche de protestas despu\u00e9s de que los toques de queda no detuvieron los enfrentamientos entre activistas y la polic\u00eda.<\/p>\n<p>Jordan, seis veces campe\u00f3n de la NBA y quien estuvo en el coraz\u00f3n de la dinast\u00eda de los Chicago Bulls durante la d\u00e9cada de 1990, pidi\u00f3 a las personas mostrar compasi\u00f3n y empat\u00eda y nunca darle la espalda a la brutalidad sin sentido.<\/p>\n<p>&#8220;Debemos continuar con manifestaciones pac\u00edficas contra la injusticia y exigir responsabilidad&#8221;, afirm\u00f3 Jordan. &#8220;Nuestra voz unificada necesita presionar a nuestros l\u00edderes a cambiar nuestras leyes, o de lo contrario necesitamos usar nuestro voto para crear un cambio sist\u00e9mico&#8221;.<\/p>\n<p>&#8220;Todos necesitamos ser parte de la soluci\u00f3n, y debemos trabajar juntos para asegurar justicia para todos&#8221;, afirm\u00f3.<\/p>\n","protected":false},"excerpt":{"rendered":"<p>La exestrella del baloncesto Michael Jordan expres\u00f3 su indignaci\u00f3n el domingo debido a la muerte de George Floyd, un ciudadano afroamericano que se muestra en un video sin aliento mientras un polic\u00eda blanco pone la rodilla sobre su cuello en Minneapolis, un incidente que ha generado manifestaciones multitudinarias en el pa\u00eds &nbsp; Jordan afirm\u00f3 que su coraz\u00f3n estaba con la familia de Floyd y otros que han muerto por actos de racismo. &#8220;Estoy profundamente entristecido, realmente dolido y simplemente enfadado&#8221;, dijo en un comunicado Jordan, miembro del Sal\u00f3n de la&#8230;<\/p>\n","protected":false},"author":3,"featured_media":62226,"comment_status":"closed","ping_status":"closed","sticky":false,"template":"","format":"standard","meta":[],"categories":[4],"tags":[],"_links":{"self":[{"href":"https:\/\/www.actualidadadiario.com\/index.php\/wp-json\/wp\/v2\/posts\/62225"}],"collection":[{"href":"https:\/\/www.actualidadadiario.com\/index.php\/wp-json\/wp\/v2\/posts"}],"about":[{"href":"https:\/\/www.actualidadadiario.com\/index.php\/wp-json\/wp\/v2\/types\/post"}],"author":[{"embeddable":true,"href":"https:\/\/www.actualidadadiario.com\/index.php\/wp-json\/wp\/v2\/users\/3"}],"replies":[{"embeddable":true,"href":"https:\/\/www.actualidadadiario.com\/index.php\/wp-json\/wp\/v2\/comments?post=62225"}],"version-history":[{"count":1,"href":"https:\/\/www.actualidadadiario.com\/index.php\/wp-json\/wp\/v2\/posts\/62225\/revisions"}],"predecessor-version":[{"id":62227,"href":"https:\/\/www.actualidadadiario.com\/index.php\/wp-json\/wp\/v2\/posts\/62225\/revisions\/62227"}],"wp:featuredmedia":[{"embeddable":true,"href":"https:\/\/www.actualidadadiario.com\/index.php\/wp-json\/wp\/v2\/media\/62226"}],"wp:attachment":[{"href":"https:\/\/www.actualidadadiario.com\/index.php\/wp-json\/wp\/v2\/media?parent=62225"}],"wp:term":[{"taxonomy":"category","embeddable":true,"href":"https:\/\/www.actualidadadiario.com\/index.php\/wp-json\/wp\/v2\/categories?post=62225"},{"taxonomy":"post_tag","embeddable":true,"href":"https:\/\/www.actualidadadiario.com\/index.php\/wp-json\/wp\/v2\/tags?post=62225"}],"curies":[{"name":"wp","href":"https:\/\/api.w.org\/{rel}","templated":true}]}}