{"id":62222,"date":"2020-06-01T13:56:06","date_gmt":"2020-06-01T16:56:06","guid":{"rendered":"https:\/\/www.actualidadadiario.com\/?p=62222"},"modified":"2020-06-01T13:56:06","modified_gmt":"2020-06-01T16:56:06","slug":"la-cuarentena-es-un-proceso-tedioso-pero-eso-no-nos-puede-llevar-a-tomar-decisiones-irresponsables","status":"publish","type":"post","link":"https:\/\/www.actualidadadiario.com\/index.php\/2020\/06\/01\/la-cuarentena-es-un-proceso-tedioso-pero-eso-no-nos-puede-llevar-a-tomar-decisiones-irresponsables\/","title":{"rendered":"&#8220;La cuarentena es un proceso tedioso pero eso no nos puede llevar a tomar decisiones irresponsables&#8221;"},"content":{"rendered":"<p style=\"text-align: center;\"><em><strong>El ministro de Obras P\u00fablicas, Gabriel Katopodis, puntualiz\u00f3 que en la gran mayor\u00eda de las provincias del pa\u00eds &#8220;la actividad econ\u00f3mica est\u00e1 reestablecida&#8221; pero insisti\u00f3 en la gravedad de lo que sucede en el \u00e1rea metropolitana. &#8220;Los reclamos anticuarentena no son lo que yo escucho por parte de los intendentes o los empresarios&#8221;, asegur\u00f3<\/strong><\/em><\/p>\n<p>&nbsp;<\/p>\n<p>&nbsp;<\/p>\n<p>Gabriel Katopodis, ministro de Obras P\u00fablicas de la Naci\u00f3n, cont\u00f3 que cuando realiza recorridas con el presidente Alberto Fern\u00e1ndez y otros gobernadores provinciales no encuentran los reclamos anticuarentena que se escuchan en redes sociales o en la Ciudad de Buenos Aires.<\/p>\n<p>&#8220;Cuando uno habla con vecinos, recorre el pa\u00eds, se encuentra con intendentes, la preocupaci\u00f3n est\u00e1 puesta en c\u00f3mo cuidar la salud, como mantener este camino&#8221;, explic\u00f3 Katopodis en una entrevista con Radio Cooperativa y pidi\u00f3 &#8220;mantener esta conducta, esta disciplina, que nos dio buenos resultados&#8221;.<\/p>\n<p>En tal sentido, el ministro reconoci\u00f3 que el Aislamiento Social, Preventivo y Obligatorio &#8220;es un proceso tedioso pero eso no nos puede llevar a tomar decisiones irresponsables&#8221;.<\/p>\n<p>&#8220;La mayor\u00eda de las provincias est\u00e1n con gran parte de la actividad econ\u00f3mica restablecida. Los reclamos anticuarentena no son lo que yo escucho por parte de los intendentes o los empresarios, ni en las recorridas con el Presidente&#8221;, cerr\u00f3 Katopodis exponiendo lo que sucede en la Argentina.<\/p>\n","protected":false},"excerpt":{"rendered":"<p>El ministro de Obras P\u00fablicas, Gabriel Katopodis, puntualiz\u00f3 que en la gran mayor\u00eda de las provincias del pa\u00eds &#8220;la actividad econ\u00f3mica est\u00e1 reestablecida&#8221; pero insisti\u00f3 en la gravedad de lo que sucede en el \u00e1rea metropolitana. &#8220;Los reclamos anticuarentena no son lo que yo escucho por parte de los intendentes o los empresarios&#8221;, asegur\u00f3 &nbsp; &nbsp; Gabriel Katopodis, ministro de Obras P\u00fablicas de la Naci\u00f3n, cont\u00f3 que cuando realiza recorridas con el presidente Alberto Fern\u00e1ndez y otros gobernadores provinciales no encuentran los reclamos anticuarentena que se escuchan en redes sociales&#8230;<\/p>\n","protected":false},"author":3,"featured_media":62223,"comment_status":"closed","ping_status":"closed","sticky":false,"template":"","format":"standard","meta":[],"categories":[18],"tags":[],"_links":{"self":[{"href":"https:\/\/www.actualidadadiario.com\/index.php\/wp-json\/wp\/v2\/posts\/62222"}],"collection":[{"href":"https:\/\/www.actualidadadiario.com\/index.php\/wp-json\/wp\/v2\/posts"}],"about":[{"href":"https:\/\/www.actualidadadiario.com\/index.php\/wp-json\/wp\/v2\/types\/post"}],"author":[{"embeddable":true,"href":"https:\/\/www.actualidadadiario.com\/index.php\/wp-json\/wp\/v2\/users\/3"}],"replies":[{"embeddable":true,"href":"https:\/\/www.actualidadadiario.com\/index.php\/wp-json\/wp\/v2\/comments?post=62222"}],"version-history":[{"count":1,"href":"https:\/\/www.actualidadadiario.com\/index.php\/wp-json\/wp\/v2\/posts\/62222\/revisions"}],"predecessor-version":[{"id":62224,"href":"https:\/\/www.actualidadadiario.com\/index.php\/wp-json\/wp\/v2\/posts\/62222\/revisions\/62224"}],"wp:featuredmedia":[{"embeddable":true,"href":"https:\/\/www.actualidadadiario.com\/index.php\/wp-json\/wp\/v2\/media\/62223"}],"wp:attachment":[{"href":"https:\/\/www.actualidadadiario.com\/index.php\/wp-json\/wp\/v2\/media?parent=62222"}],"wp:term":[{"taxonomy":"category","embeddable":true,"href":"https:\/\/www.actualidadadiario.com\/index.php\/wp-json\/wp\/v2\/categories?post=62222"},{"taxonomy":"post_tag","embeddable":true,"href":"https:\/\/www.actualidadadiario.com\/index.php\/wp-json\/wp\/v2\/tags?post=62222"}],"curies":[{"name":"wp","href":"https:\/\/api.w.org\/{rel}","templated":true}]}}