{"id":62219,"date":"2020-06-01T13:55:27","date_gmt":"2020-06-01T16:55:27","guid":{"rendered":"https:\/\/www.actualidadadiario.com\/?p=62219"},"modified":"2020-06-01T13:55:27","modified_gmt":"2020-06-01T16:55:27","slug":"puja-oficialismo-oposicion-para-sesionar-en-senado","status":"publish","type":"post","link":"https:\/\/www.actualidadadiario.com\/index.php\/2020\/06\/01\/puja-oficialismo-oposicion-para-sesionar-en-senado\/","title":{"rendered":"Puja oficialismo-oposici\u00f3n para sesionar en Senado"},"content":{"rendered":"<p style=\"text-align: center;\"><em><strong>Tras confirmar la visita del jefe de Gabinete, Santiago Cafiero, para dar un informe de gesti\u00f3n el mi\u00e9rcoles 17 de junio -modalidad del convite, a\u00fan no resuelta-, el Senado se apresta a sesionar esta semana en medio de una puja entre el oficialismo y la oposici\u00f3n por la agenda a tratar<\/strong><\/em><\/p>\n<p>&nbsp;<\/p>\n<p>Fuentes del entorno de Cristina de Kirchner aseguraron en las \u00faltimas horas que la intenci\u00f3n de la titular de la C\u00e1mara alta es que se sancionen los proyectos aprobados d\u00edas atr\u00e1s por Diputados relacionados con la receta digital y educaci\u00f3n a distancia.<\/p>\n<p>Desde la oposici\u00f3n comparten dicha agenda, que tuvo amplia mayor\u00eda al momento de ser votada en la C\u00e1mara baja. No obstante, rechazan el debate en el recinto de iniciativas que se encuentren por fuera de la emergencia relacionada con el coronavirus. El protocolo de trabajo telem\u00e1tico -por 60 d\u00edas- lo proh\u00edbe, pero nada dice de las comisiones, donde hay una ventana para que se pueda discutir y dictaminar, tal como aprovech\u00f3 Oscar Parrilli para reabrir la trifulca por la causa AMIA y sus derivados.<\/p>\n<p>\u201cNosotros dimos se\u00f1ales desde el 10 de diciembre pasado, en varias ocasiones, a la hora de acompa\u00f1ar para los dos tercios y habilitar temas que no ten\u00edan dictamen de comisi\u00f3n, o con despachos que no hab\u00edan cumplido los siete d\u00edas reglamentarios para llevarlos al recinto. Con la receta digital y la educaci\u00f3n a distancia no hay inconvenientes, pero si detr\u00e1s de eso empujan cosas que no tienen que ver con el coronavirus para pasarnos por arriba, nos opondremos. Igual, con la mayor\u00eda que tienen no es descabellado pensar en interpretaciones que habiliten la discusi\u00f3n\u201d, manifestaron a este diario desde la c\u00fapula de Juntos por el Cambio en el Senado, que comanda el legislador radical Luis Naidenoff.<\/p>\n<p>Las rispideces aumentaron en los \u00faltimos d\u00edas tras la intenci\u00f3n del Frente de Todos, que maneja Jos\u00e9 Mayans, de atar los dos proyectos de Diputados a Decretos de Necesidad y Urgencia (DNU) analizados la semana pasada en la comisi\u00f3n bicameral de Tr\u00e1mite Legislativo. All\u00ed, y en una acci\u00f3n m\u00e1s que pol\u00e9mica, el kirchnerismo volvi\u00f3 a poner en discusi\u00f3n dos normas gatilladas durante el macrismo que ya hab\u00edan sido dictaminadas: la transferencia de la direcci\u00f3n de escuchas telef\u00f3nicas a la Corte Suprema de Justicia, y la que dej\u00f3 a la Direcci\u00f3n de Asistencia Judicial en Delitos Complejos en manos de magistrados penales con rango de juez de c\u00e1mara.<\/p>\n<p>El objetivo del kircherismo es retrotraer esas dos medidas, ante un macrismo que abandon\u00f3 la videoconferencia con fuertes cr\u00edticas. Para derogar esos DNU, se necesita el rechazo de ambas c\u00e1maras. En el Senado ser\u00e1 un tr\u00e1mite, pero en Diputados, el Frente de Todo deber\u00e1 negociar para \u201cconvencer\u201d a bloques peque\u00f1os como el lavagnismo y el que preside el mendocino Jos\u00e9 Luis Ram\u00f3n.<\/p>\n<p>Durante las pr\u00f3ximas horas, la oposici\u00f3n esperar\u00e1 que aparezca la convocatoria oficial a la sesi\u00f3n especial para definir los pasos a seguir. En tanto, en Diputados se analiza realizar una reuni\u00f3n de Labor Parlamentaria ma\u00f1ana, con destino no claro. Est\u00e1 a la espera la nueva ley de econom\u00eda del conocimiento y hay algunas dudas, pese al acuerdo inicial y dictamen consensuado entre oficialismo -dinamit\u00f3 la ley sancionada el a\u00f1o pasado, que tuvo amplio acuerdo- y la oposici\u00f3n.<\/p>\n","protected":false},"excerpt":{"rendered":"<p>Tras confirmar la visita del jefe de Gabinete, Santiago Cafiero, para dar un informe de gesti\u00f3n el mi\u00e9rcoles 17 de junio -modalidad del convite, a\u00fan no resuelta-, el Senado se apresta a sesionar esta semana en medio de una puja entre el oficialismo y la oposici\u00f3n por la agenda a tratar &nbsp; Fuentes del entorno de Cristina de Kirchner aseguraron en las \u00faltimas horas que la intenci\u00f3n de la titular de la C\u00e1mara alta es que se sancionen los proyectos aprobados d\u00edas atr\u00e1s por Diputados relacionados con la receta digital&#8230;<\/p>\n","protected":false},"author":3,"featured_media":62220,"comment_status":"closed","ping_status":"closed","sticky":false,"template":"","format":"standard","meta":[],"categories":[18],"tags":[],"_links":{"self":[{"href":"https:\/\/www.actualidadadiario.com\/index.php\/wp-json\/wp\/v2\/posts\/62219"}],"collection":[{"href":"https:\/\/www.actualidadadiario.com\/index.php\/wp-json\/wp\/v2\/posts"}],"about":[{"href":"https:\/\/www.actualidadadiario.com\/index.php\/wp-json\/wp\/v2\/types\/post"}],"author":[{"embeddable":true,"href":"https:\/\/www.actualidadadiario.com\/index.php\/wp-json\/wp\/v2\/users\/3"}],"replies":[{"embeddable":true,"href":"https:\/\/www.actualidadadiario.com\/index.php\/wp-json\/wp\/v2\/comments?post=62219"}],"version-history":[{"count":1,"href":"https:\/\/www.actualidadadiario.com\/index.php\/wp-json\/wp\/v2\/posts\/62219\/revisions"}],"predecessor-version":[{"id":62221,"href":"https:\/\/www.actualidadadiario.com\/index.php\/wp-json\/wp\/v2\/posts\/62219\/revisions\/62221"}],"wp:featuredmedia":[{"embeddable":true,"href":"https:\/\/www.actualidadadiario.com\/index.php\/wp-json\/wp\/v2\/media\/62220"}],"wp:attachment":[{"href":"https:\/\/www.actualidadadiario.com\/index.php\/wp-json\/wp\/v2\/media?parent=62219"}],"wp:term":[{"taxonomy":"category","embeddable":true,"href":"https:\/\/www.actualidadadiario.com\/index.php\/wp-json\/wp\/v2\/categories?post=62219"},{"taxonomy":"post_tag","embeddable":true,"href":"https:\/\/www.actualidadadiario.com\/index.php\/wp-json\/wp\/v2\/tags?post=62219"}],"curies":[{"name":"wp","href":"https:\/\/api.w.org\/{rel}","templated":true}]}}