{"id":62211,"date":"2020-06-01T13:53:25","date_gmt":"2020-06-01T16:53:25","guid":{"rendered":"https:\/\/www.actualidadadiario.com\/?p=62211"},"modified":"2020-06-01T13:53:25","modified_gmt":"2020-06-01T16:53:25","slug":"morales-respalda-el-impuesto-a-la-riqueza","status":"publish","type":"post","link":"https:\/\/www.actualidadadiario.com\/index.php\/2020\/06\/01\/morales-respalda-el-impuesto-a-la-riqueza\/","title":{"rendered":"Morales respalda el impuesto a la riqueza"},"content":{"rendered":"<p style=\"text-align: center;\"><em><strong>El mandatario juje\u00f1o, asegur\u00f3 ayer que, &#8220;en la emergencia&#8221;, no es mala idea &#8220;gravar las grandes fortunas&#8221; y que &#8220;los sectores m\u00e1s ricos realicen un aporte extraordinario&#8221;. La iniciativa del oficialismo ser\u00e1 presentada en el mes en curso en la C\u00e1mara de Diputados. Apunta a financiar los gastos de la pandemia<\/strong><\/em><\/p>\n<p>&nbsp;<\/p>\n<p>&nbsp;<\/p>\n<p>El gobernador Gerardo Morales (Jujuy), asegur\u00f3 ayer que, &#8220;en la emergencia&#8221;, no es mala idea &#8220;gravar las grandes fortunas&#8221; y que &#8220;los sectores m\u00e1s ricos realicen un aporte extraordinario&#8221;.<\/p>\n<p>&#8220;No me parece mal. En esta emergencia quienes est\u00e1n haciendo su mayor esfuerzo son los trabajadores, negociando a la baja sus salarios para preservar el empleo, y el sector p\u00fablico, que no recibe aumentos salariales, con una inflaci\u00f3n que le come los sueldos. No conozco el proyecto en detalle, pero estoy de acuerdo con que los sectores m\u00e1s ricos realicen un aporte extraordinario&#8221;, subray\u00f3 el mandatario provincial.<\/p>\n<p>En ese sentido, destac\u00f3 que &#8220;la oposici\u00f3n tiene que tener un rol de acompa\u00f1ar y de ofrecer ideas para resolver los problemas que genera la pandemia. Eso s\u00ed, a nivel nacional tambi\u00e9n debe levantar su voz para evitar los abusos de poder y las arbitrariedades&#8221;.<\/p>\n<p>El proyecto en cuesti\u00f3n, que propone cobrar, por \u00fanica vez, un impuesto a los patrimonios que superen los 200 millones de pesos, a fin de recaudar el equivalente a 3.000 millones de d\u00f3lares, ser\u00e1 presentado en el mes en curso por el Frente de Todos en la C\u00e1mara de Diputados, lo que a\u00fan no sucedi\u00f3 debido a que se est\u00e1 a la espera de que se estabilice el funcionamiento virtual y las firmas digitales. Mientras, se avanza en la b\u00fasqueda de acuerdos con fuerzas de la oposici\u00f3n..<\/p>\n<p>De acuerdo a esa iniciativa, las personas que tengan m\u00e1s de esa cifra pagar\u00e1n una tasa del 2% y ese porcentaje ser\u00e1 progresivo, con un tope del 3,5%. Se tomar\u00e1 como base los bienes personales declarados hasta marzo de este a\u00f1o, seg\u00fan lo que dejaron trascender fuentes parlamentarias.<\/p>\n<p>La intenci\u00f3n del oficialismo es reforzar la recaudaci\u00f3n, que tuvo una fuerte ca\u00edda por la crisis que tiene la actividad econ\u00f3mica a ra\u00edz de la pandemia de coronavirus, y contar con los recursos para atender la emergencia sanitaria y econ\u00f3mica.<\/p>\n","protected":false},"excerpt":{"rendered":"<p>El mandatario juje\u00f1o, asegur\u00f3 ayer que, &#8220;en la emergencia&#8221;, no es mala idea &#8220;gravar las grandes fortunas&#8221; y que &#8220;los sectores m\u00e1s ricos realicen un aporte extraordinario&#8221;. La iniciativa del oficialismo ser\u00e1 presentada en el mes en curso en la C\u00e1mara de Diputados. Apunta a financiar los gastos de la pandemia &nbsp; &nbsp; El gobernador Gerardo Morales (Jujuy), asegur\u00f3 ayer que, &#8220;en la emergencia&#8221;, no es mala idea &#8220;gravar las grandes fortunas&#8221; y que &#8220;los sectores m\u00e1s ricos realicen un aporte extraordinario&#8221;. &#8220;No me parece mal. En esta emergencia quienes&#8230;<\/p>\n","protected":false},"author":3,"featured_media":62212,"comment_status":"closed","ping_status":"closed","sticky":false,"template":"","format":"standard","meta":[],"categories":[18],"tags":[],"_links":{"self":[{"href":"https:\/\/www.actualidadadiario.com\/index.php\/wp-json\/wp\/v2\/posts\/62211"}],"collection":[{"href":"https:\/\/www.actualidadadiario.com\/index.php\/wp-json\/wp\/v2\/posts"}],"about":[{"href":"https:\/\/www.actualidadadiario.com\/index.php\/wp-json\/wp\/v2\/types\/post"}],"author":[{"embeddable":true,"href":"https:\/\/www.actualidadadiario.com\/index.php\/wp-json\/wp\/v2\/users\/3"}],"replies":[{"embeddable":true,"href":"https:\/\/www.actualidadadiario.com\/index.php\/wp-json\/wp\/v2\/comments?post=62211"}],"version-history":[{"count":1,"href":"https:\/\/www.actualidadadiario.com\/index.php\/wp-json\/wp\/v2\/posts\/62211\/revisions"}],"predecessor-version":[{"id":62213,"href":"https:\/\/www.actualidadadiario.com\/index.php\/wp-json\/wp\/v2\/posts\/62211\/revisions\/62213"}],"wp:featuredmedia":[{"embeddable":true,"href":"https:\/\/www.actualidadadiario.com\/index.php\/wp-json\/wp\/v2\/media\/62212"}],"wp:attachment":[{"href":"https:\/\/www.actualidadadiario.com\/index.php\/wp-json\/wp\/v2\/media?parent=62211"}],"wp:term":[{"taxonomy":"category","embeddable":true,"href":"https:\/\/www.actualidadadiario.com\/index.php\/wp-json\/wp\/v2\/categories?post=62211"},{"taxonomy":"post_tag","embeddable":true,"href":"https:\/\/www.actualidadadiario.com\/index.php\/wp-json\/wp\/v2\/tags?post=62211"}],"curies":[{"name":"wp","href":"https:\/\/api.w.org\/{rel}","templated":true}]}}