{"id":62209,"date":"2020-06-01T13:52:47","date_gmt":"2020-06-01T16:52:47","guid":{"rendered":"https:\/\/www.actualidadadiario.com\/?p=62209"},"modified":"2020-06-01T13:52:47","modified_gmt":"2020-06-01T16:52:47","slug":"cafiero-levanta-el-perfil-y-confronta-con-la-oposicion","status":"publish","type":"post","link":"https:\/\/www.actualidadadiario.com\/index.php\/2020\/06\/01\/cafiero-levanta-el-perfil-y-confronta-con-la-oposicion\/","title":{"rendered":"Cafiero levanta el perfil y confronta con la oposici\u00f3n"},"content":{"rendered":"<p style=\"text-align: center;\"><em><strong>El jefe de Gabinete se decidi\u00f3 a asumir un rol m\u00e1s pol\u00edtico y busca dividir a la oposici\u00f3n; cruz\u00f3 a los que hablan de &#8220;infectadura&#8221; y rescat\u00f3 a Larreta<\/strong><\/em><\/p>\n<p>&nbsp;<\/p>\n<p>&nbsp;<\/p>\n<p>Asumiendo el rol de vocero del Gobierno que tradicionalmente asume quien desempe\u00f1a su cargo, el jefe de Gabinete, Santiago Cafiero, asegur\u00f3 que el Gobierno &#8220;siempre escucha y tiene en cuenta las voces&#8221; y reclamos de la gente, pero se\u00f1al\u00f3 que en las protestas anticuarentena ve &#8220;alguna intencionalidad pol\u00edtica con esta l\u00f3gica de la infectadura&#8221;.<\/p>\n<p>En declaraciones a Radio Mitre y Radio CNN, Cafiero tambi\u00e9n descart\u00f3 convocar a Mauricio Macri porque &#8220;no har\u00eda ning\u00fan aporte&#8221; y lo contrapuso con los opositores como el jefe de Gobierno porte\u00f1o, Horacio Rodr\u00edguez Larreta, y de los gobernadores de Juntos por el Cambio que &#8220;ponen en juego su capital pol\u00edtico&#8221;. De este modo, busc\u00f3 incluso generar discordia en el principal espacio opositor.<\/p>\n<p>Sobre las protestas del s\u00e1bado, dijo que en el Gobierno &#8220;siempre escuchamos las voces emergentes, las entendamos o no&#8221; y remarc\u00f3 que &#8220;eran bastante distintas&#8221; las que se escucharon esta oportunidad &#8220;porque hab\u00eda comerciantes de la Ciudad de Buenos Aires que no pueden reanudar sus actividades, reclamos de m\u00e9dicos y enfermeros en algunas provincias por falta de insumos&#8221;, pero tambi\u00e9n &#8220;hab\u00eda una intencionalidad pol\u00edtica con esta l\u00f3gica de que esto es una infectadura&#8221;.<\/p>\n<p>Pol\u00edticos, cient\u00edficos, artistas e intelectuales, entre los que hab\u00eda varios ex funcionarios del gobierno anterior, emitieron un documento en el cual advierten que hay &#8220;una infectadura&#8221; y que &#8220;la democracia est\u00e1 en peligro, posiblemente como no lo estuvo desde 1983&#8221;, que &#8220;el equilibrio entre los poderes ha sido desmantelado&#8221;, que &#8220;el Congreso funciona discontinuado y la Justicia ha decidido una ins\u00f3lita extensi\u00f3n de la feria, autoexcluy\u00e9ndose de la coyuntura que vive el pa\u00eds&#8221;.<\/p>\n<p>&#8220;No coincidimos para nada con ese documento que se firm\u00f3 diciendo que en Argentina hay una infectadura. Una de las diferencias fundamentales entre las democracias y las dictaduras es que en las primeras se intenta cuidar la vida de las personas. Y ese es el camino que nosotros elegimos. Cuando la democracia cuida la vida, en vez de estar en riesgo, se fortalece mucho&#8221;, asever\u00f3 Cafiero.<\/p>\n<p>En ese contexto, el funcionario plante\u00f3 que el coronavirus &#8220;es democr\u00e1tico para expandirse, pero es clasista para contar los muertos&#8221; y agreg\u00f3: &#8220;Cuando mir\u00e1s en todo el mundo, la gran mayor\u00eda de las muertes son de trabajadores, de gente de barrios humildes, de inmigrantes&#8221;.<\/p>\n<p>Cafiero dijo que la pandemia del coronavirus gener\u00f3 &#8220;una angustia que todos padecemos y que nos complic\u00f3 la vida a todos y al gobierno, que ten\u00eda pensado aplicar pol\u00edticas de reactivaci\u00f3n productiva, desarrollo y distributivas, y nos vimos envueltos en trabajar sobre una emergencia sanitaria global&#8221;.<\/p>\n","protected":false},"excerpt":{"rendered":"<p>El jefe de Gabinete se decidi\u00f3 a asumir un rol m\u00e1s pol\u00edtico y busca dividir a la oposici\u00f3n; cruz\u00f3 a los que hablan de &#8220;infectadura&#8221; y rescat\u00f3 a Larreta &nbsp; &nbsp; Asumiendo el rol de vocero del Gobierno que tradicionalmente asume quien desempe\u00f1a su cargo, el jefe de Gabinete, Santiago Cafiero, asegur\u00f3 que el Gobierno &#8220;siempre escucha y tiene en cuenta las voces&#8221; y reclamos de la gente, pero se\u00f1al\u00f3 que en las protestas anticuarentena ve &#8220;alguna intencionalidad pol\u00edtica con esta l\u00f3gica de la infectadura&#8221;. En declaraciones a Radio Mitre&#8230;<\/p>\n","protected":false},"author":3,"featured_media":60962,"comment_status":"closed","ping_status":"closed","sticky":false,"template":"","format":"standard","meta":[],"categories":[18],"tags":[],"_links":{"self":[{"href":"https:\/\/www.actualidadadiario.com\/index.php\/wp-json\/wp\/v2\/posts\/62209"}],"collection":[{"href":"https:\/\/www.actualidadadiario.com\/index.php\/wp-json\/wp\/v2\/posts"}],"about":[{"href":"https:\/\/www.actualidadadiario.com\/index.php\/wp-json\/wp\/v2\/types\/post"}],"author":[{"embeddable":true,"href":"https:\/\/www.actualidadadiario.com\/index.php\/wp-json\/wp\/v2\/users\/3"}],"replies":[{"embeddable":true,"href":"https:\/\/www.actualidadadiario.com\/index.php\/wp-json\/wp\/v2\/comments?post=62209"}],"version-history":[{"count":1,"href":"https:\/\/www.actualidadadiario.com\/index.php\/wp-json\/wp\/v2\/posts\/62209\/revisions"}],"predecessor-version":[{"id":62210,"href":"https:\/\/www.actualidadadiario.com\/index.php\/wp-json\/wp\/v2\/posts\/62209\/revisions\/62210"}],"wp:featuredmedia":[{"embeddable":true,"href":"https:\/\/www.actualidadadiario.com\/index.php\/wp-json\/wp\/v2\/media\/60962"}],"wp:attachment":[{"href":"https:\/\/www.actualidadadiario.com\/index.php\/wp-json\/wp\/v2\/media?parent=62209"}],"wp:term":[{"taxonomy":"category","embeddable":true,"href":"https:\/\/www.actualidadadiario.com\/index.php\/wp-json\/wp\/v2\/categories?post=62209"},{"taxonomy":"post_tag","embeddable":true,"href":"https:\/\/www.actualidadadiario.com\/index.php\/wp-json\/wp\/v2\/tags?post=62209"}],"curies":[{"name":"wp","href":"https:\/\/api.w.org\/{rel}","templated":true}]}}