{"id":62207,"date":"2020-06-01T13:52:10","date_gmt":"2020-06-01T16:52:10","guid":{"rendered":"https:\/\/www.actualidadadiario.com\/?p=62207"},"modified":"2020-06-01T13:52:10","modified_gmt":"2020-06-01T16:52:10","slug":"respuesta-a-la-infectadura-cientificos-e-intelectuales-en-apoyo-a-la-cuarentena","status":"publish","type":"post","link":"https:\/\/www.actualidadadiario.com\/index.php\/2020\/06\/01\/respuesta-a-la-infectadura-cientificos-e-intelectuales-en-apoyo-a-la-cuarentena\/","title":{"rendered":"Respuesta a la &#8220;infectadura&#8221;: cient\u00edficos e intelectuales en apoyo a la cuarentena"},"content":{"rendered":"<p style=\"text-align: center;\"><em><strong>Reconocidos investigadores como Jorge Aliaga, Adri\u00e1n Paenza, Alberto Kornblihtt, Valeria Levi e Irina Izaguirre, entre otros, firmaron el documento que act\u00faa como una r\u00e9plica a la carta difundida d\u00edas atr\u00e1s con cr\u00edticas a las medidas del gobierno. Reclamaron \u201cresponsabilidad pol\u00edtica, civil y period\u00edstica\u201d en las respuestas a la pandemia<\/strong><\/em><\/p>\n<p>&nbsp;<\/p>\n<p>&nbsp;<\/p>\n<p>Un grupo intelectuales dio a conocer una carta en apoyo a las medidas de aislamiento. Se\u00f1alan en ella que &#8220;convivir con covid-19 en Argentina ser\u00e1 un proceso largo que requerir\u00e1 de esfuerzos permanentes por parte de todas y todos, y de la aplicaci\u00f3n de estrategias inteligentes y cambiantes. Esto es opuesto al mensaje equivocadamente pregonado de \u2018sentarse a esperar que pase el pico\u2019, como si fuese un fen\u00f3meno clim\u00e1tico ante el cual nada puede hacerse, un discurso simplista que no se hace cargo del problema y que s\u00f3lo puede tener consecuencias graves e irreparables.&#8221; El texto replica \u201cinfectadura&#8221; otra carta difundida d\u00edas atr\u00e1s, que critic\u00f3 la cuarentena dispuesta por el gobierno nacional, calific\u00e1ndola de \u201cinfectadura\u201d.<\/p>\n<p>El documento est\u00e1 firmado por Jorge Aliaga, Adri\u00e1n Paenza, Alberto Kornblihtt, Valeria Levi e Irina Izaguirre, entre otros reconocidos investigadores, que remarcaron la importancia de tener \u201cresponsabilidad pol\u00edtica, civil y period\u00edstica\u201d en las respuestas ante la pandemia. El documento reun\u00eda en la noche del domingo cerca de 15 mil adhesiones.<\/p>\n<p>Los investigadores consideraron en su nota que la declaraci\u00f3n temprana de la cuarentena logr\u00f3 resultados positivos; permiti\u00f3 multiplicar la capacidad de atenci\u00f3n del sistema de salud y logr\u00f3 que en 21 provincias los casos se redujeran \u201cpr\u00e1cticamente a cero\u201d. Pero alertaron sobre la situaci\u00f3n en la que est\u00e1 el \u00c1rea Metropolitana de Buenos Aires y el Gran Resistencia, donde los contagios van en crecimiento. Para estas zonas, aseguran, las medidas tomadas hasta ahora no alcanzaron y hay que suplementarlas.<\/p>\n<p>Alertan que \u201cen algunos barrios de CABA, del centro y el sur de la Ciudad\u201d se est\u00e1n registrando \u201ctiempos de duplicaci\u00f3n inferiores a los 6 d\u00edas\u201d. \u201cEstos datos indican que, si no logramos disminuir la velocidad de contagio de manera urgente, es inminente la saturaci\u00f3n de las camas de terapia intensiva (es decir, que las\/los profesionales de la salud se ver\u00edan en la dram\u00e1tica situaci\u00f3n de elegir qui\u00e9nes recibir\u00e1n la atenci\u00f3n necesaria y qui\u00e9nes no). El primer impactado ser\u00eda el sistema de salud de CABA. Se trata de una saturaci\u00f3n inminente porque, con una duplicaci\u00f3n de casos menor a 15 d\u00edas, esto ocurrir\u00eda antes de fines de julio\u201d.<\/p>\n<p>&nbsp;<\/p>\n<p><strong>El porqu\u00e9 de la carta<\/strong><\/p>\n<p>Jorge Aliaga, uno de los firmantes del documento, explic\u00f3 a P\u00e1ginaI12 las razones que movieron al grupo a redactar su advertencia. \u201cUn grupo de investigadores que venimos siguiendo la evoluci\u00f3n de la Covid en la Argentina decidimos que era importante manifestar nuestro punto de vista. Lo primero a decir es que el aislamiento funciona, que distanciar a las personas es la mejor forma de parar la epidemia. Al resultado lo vemos en las provincias, que pr\u00e1cticamente no tienen casos nuevos. Si aparecen, es por viajeros que se trasladan desde el AMBA al interior y llevan el virus sin darse cuenta. Tambi\u00e9n ha sido muy eficaz el trabajo de rastreo y confinamiento de las personas que hab\u00edan sido contagiadas, su aislamiento antes de que presentaran s\u00edntomas. Pero consideramos urgente tomar m\u00e1s acciones en el \u00e1rea de la Capital federal y el Gran Buenos Aires, porque los casos est\u00e1n en r\u00e1pido aumento, y esto puede llevarnos a un estr\u00e9s del sistema de salud, a tener problemas para atender a todas las personas, cosa que ya hemos visto que pas\u00f3 en Italia, en Espa\u00f1a, en Nueva York y en varias capitales de latinoam\u00e9rica\u201d, dijo Aliaga. Para el ex decano de Ciencias Exactas de la UBA \u201ces evidente que las medidas que se han tomado no han sido suficientemente eficaces en el \u00e1rea metropolitana de Buenos Aires\u201d, por lo que \u201cse deben ajustar, y de manera r\u00e1pida, para contener el avance del virus\u201d.<\/p>\n<p>La carta fue una reacci\u00f3n a las acciones contra la cuarentena que se vienen viendo en la ciudad de Buenos Aires, que incluyen protestas de manifestantes con pocos argumentos -algunos desopilantes-, pero tambi\u00e9n un reciente pronunciamiento cr\u00edtico a las medidas de aislamiento social dispuestas por el gobierno. Esos cuestionamientos, impulsados por la investigadora del Conicet Sandra Pitta, tuvieron la adhesi\u00f3n de figuras como Santiago Kovadloff, Juan Jos\u00e9 Sebreli, el actor Luis Brandoni, el escritor Federico Andahazzi, y el ex ministro de Cultura de la ciudad, Dar\u00edo Lop\u00e9rfido.<\/p>\n<p>En la r\u00e9plica &#8220;Un esfuerzo adicional para salvar vidas&#8221;, hay pedidos al gobierno, la sociedad y los medios. Entre las medidas de decisi\u00f3n pol\u00edtica, los intelectuales reclaman \u201cm\u00e1s monitoreo y rastreo de contactos estrechos\u201d. \u201cLas provincias que mayor esfuerzo pusieron en el rastreo de contactos hoy tienen la situaci\u00f3n controlada\u201d, se\u00f1alan. Para esto, consideran \u201cde vital importancia garantizar a los infectados la posibilidad de aislarse con las necesidades b\u00e1sicas cubiertas\u201d. Tambi\u00e9n que se apliquen \u201cestrategias espec\u00edficas, estrictas y segmentadas para distintos sectores de la econom\u00eda y para los trabajadores esenciales\u201d. Esto es porque no s\u00f3lo hay muchos contagios en los barrios populares, sino tambi\u00e9n \u201ccirculaci\u00f3n del virus en todo el AMBA\u201d. La situaci\u00f3n muestra que se necesita \u201cun accionar unificado de todos los distritos del pa\u00eds, puesto que el virus no reconoce ni respeta l\u00edmites pol\u00edticos ni geogr\u00e1ficos\u201d.<\/p>\n<p>En lo relacionado a la responsabilidad civil, la nota indica que \u201ctodos debemos hacernos cargo de que somos potenciales propagadores del virus, aun cuando no tengamos s\u00edntomas, y comportarnos como tales, sin salir de nuestras viviendas excepto en casos absolutamente necesarios\u201d.<\/p>\n<p>El llamado a los medios es para que tengan m\u00e1s responsabilidad period\u00edstica, &#8220;y asuman su rol entendiendo que, aun con sus imperfecciones y efectos colaterales negativos, la cuarentena contin\u00faa siendo la mejor herramienta para controlar la propagaci\u00f3n del virus y evitar miles de muertes. Cuanto mejor se explique que si se respeta el aislamiento necesitaremos menos tiempo de cuarentena, m\u00e1s posibilidades de \u00e9xito tendremos\u201d. En este caso, el mensaje alude a notas del grupo Clar\u00edn o el diario La Naci\u00f3n que han planteado como propuestas de &#8220;cuarentena inteligente&#8221; medidas que implican riesgos sanitarios.<\/p>\n<p>\u201cConvivir con covid-19 en Argentina ser\u00e1 un proceso largo que requerir\u00e1 de esfuerzos permanentes\u201d, concluye la carta. \u201cSi actuamos en conjunto con una fuerte responsabilidad pol\u00edtica, civil y period\u00edstica podemos lograrlo en todo el pa\u00eds, es cuesti\u00f3n de no bajar los brazos y actuar con decisi\u00f3n y urgencia. Evitar contagios y muertes sigue estando en nuestras manos\u201d.<\/p>\n<p>&nbsp;<\/p>\n<p><strong>La carta completa<\/strong><\/p>\n<p><em>&#8220;Un esfuerzo adicional para salvar vidas&#8221;<\/em><\/p>\n<p><em>La declaraci\u00f3n temprana del Aislamiento Social Preventivo Obligatorio (ASPO) en Argentina logr\u00f3 resultados positivos: no solo permiti\u00f3 multiplicar la capacidad de atenci\u00f3n del sistema de salud y avanzar en la provisi\u00f3n de los tests necesarios para el diagn\u00f3stico de COVID-19, sino que adem\u00e1s, redujo los casos diarios a pr\u00e1cticamente cero en 21 de las 24 divisiones territoriales del pa\u00eds, logrando que un alt\u00edsimo porcentaje de nuestro territorio nacional hoy est\u00e9 iniciando una reactivaci\u00f3n administrada de actividades.<\/em><\/p>\n<p><em>\u00a0<\/em><\/p>\n<p><em>En comparaci\u00f3n con los dem\u00e1s pa\u00edses latinoamericanos con grandes metr\u00f3polis, Argentina es el que obtuvo mejores resultados en el control de la pandemia de COVID-19. Como lo muestran las estad\u00edsticas de todo el mundo, disminuir la movilidad de la poblaci\u00f3n funciona.<\/em><\/p>\n<p><em>\u00a0<\/em><\/p>\n<p><em>No deber\u00eda llamar la atenci\u00f3n, entonces, que el aumento de la movilidad que se viene observando en el \u00e1rea metropolitana de Buenos Aires (AMBA) desde mediados de abril haya tenido un efecto dr\u00e1stico en el aumento de casos en las \u00faltimas semanas. Son objeto de particular preocupaci\u00f3n algunos barrios de CABA, del centro y el sur de la Ciudad, con tiempos de duplicaci\u00f3n inferiores a los 6 d\u00edas. Estos datos indican que, si no logramos disminuir la velocidad de contagio de manera urgente, es inminente la saturaci\u00f3n de las camas de terapia intensiva (es decir, que las\/los profesionales de la salud se ver\u00edan en la dram\u00e1tica situaci\u00f3n de elegir qui\u00e9nes recibir\u00e1n la atenci\u00f3n necesaria y qui\u00e9nes no). El primer impactado ser\u00eda el sistema de salud de CABA. Se trata de una saturaci\u00f3n inminente porque, con una duplicaci\u00f3n de casos menor a 15 d\u00edas, esto ocurrir\u00eda antes de fines de julio.<\/em><\/p>\n<p><em>Prolongar una cuarentena solo parcialmente efectiva en el AMBA conduce a que una parte de la sociedad dude de su utilidad y reclame su fin. Sin embargo, la cuarentena es una medida excepcional que, no habiendo vacunas ni tratamientos efectivos para covid19, se vuelve una herramienta clave cuando la situaci\u00f3n as\u00ed lo requiere. Todos los pa\u00edses del hemisferio norte que cuentan los muertos por miles hicieron uso de ella, algunos de ellos tarde, para lograr una disminuci\u00f3n dr\u00e1stica y veloz del contagio. Los pa\u00edses que se negaron a utilizar esta herramienta cuando era aconsejable, como Brasil, hoy viven una realidad dram\u00e1tica y las muertes parecen no tener fin. Por otro lado, todos los pa\u00edses del mundo que est\u00e1n flexibilizando sus cuarentenas lo hacen en una situaci\u00f3n donde la transmisi\u00f3n del virus est\u00e1 bajo control y los casos en franca disminuci\u00f3n. Asimismo, corren el riesgo de sufrir segundas olas de contagios debido a que en la mayor\u00eda de los pa\u00edses la poblaci\u00f3n infectada es del 5-10% del total. En este momento Ir\u00e1n e Irak est\u00e1n con segundas olas de contagio peores que la primera, y hubo un brote tambi\u00e9n en Corea del Sur. Por todo esto consideramos que no es el momento de relajar el aislamiento en el AMBA y el Gran Resistencia, donde los casos, lejos de estar controlados, est\u00e1n en crecimiento. No hablamos de n\u00fameros, sino de miles de vidas que se perder\u00edan, pero que estamos a tiempo de salvar.<\/em><\/p>\n<p><em>\u00a0<\/em><\/p>\n<p><em>Pensamos que hoy, m\u00e1s que nunca, es necesario maximizar la efectividad de la cuarentena en el AMBA y el Gran Resistencia. Si esta cuarentena se respeta y resulta efectiva, los casos activos circulantes ser\u00e1n inferiores a los actuales, el rastreo de contactos ser\u00e1 m\u00e1s simple y el riesgo de colapso del sistema de salud, casi nulo. En esas condiciones, ser\u00e1 razonable comenzar la flexibilizaci\u00f3n de las medidas. Para que la nueva etapa de la cuarentena sea efectiva, es necesario que se conjuguen tres responsabilidades: pol\u00edtica, civil y period\u00edstica.<\/em><\/p>\n<p><em>\u00a0<\/em><\/p>\n<p><em>Responsabilidad pol\u00edtica. Es preciso fortalecer de manera urgente los sistemas de monitoreo, la vigilancia activa de casos y multiplicar los esfuerzos de rastreo de contactos estrechos en los focos ya identificados en AMBA y el Gran Resistencia. Las provincias que mayor esfuerzo pusieron en el rastreo de contactos hoy tienen la situaci\u00f3n controlada. Solo as\u00ed podremos cortar las cadenas de contagio del virus. A su vez, es de vital importancia garantizar a los infectados la posibilidad de aislarse con las necesidades b\u00e1sicas cubiertas. Se deben dise\u00f1ar estrategias espec\u00edficas, estrictas y segmentadas para distintos sectores de la econom\u00eda y para los trabajadores esenciales. El impacto de la propagaci\u00f3n viral se vio intensificado en los barrios populares, pero no se halla confinado a los mismos sino que hay circulaci\u00f3n en todo el AMBA. Es de vital importancia un accionar unificado de todos los distritos del pa\u00eds, puesto que el virus no reconoce ni respeta l\u00edmites pol\u00edticos ni geogr\u00e1ficos.<\/em><\/p>\n<p><em>\u00a0<\/em><\/p>\n<p><em>Responsabilidad civil. Todos debemos hacernos cargo de que somos potenciales portadores y propagadores del virus, aun cuando no tengamos signos ni s\u00edntomas, y comportarnos como tales, sin salir de nuestras viviendas excepto en casos absolutamente necesarios, extremando el lavado de manos, distanciamiento social, utilizaci\u00f3n de barbijo para cubrir la nariz, boca y ment\u00f3n, y respetando a rajatabla las recomendaciones del Ministerio de Salud de la Naci\u00f3n. Vimos en varias jurisdicciones en los \u00faltimos d\u00edas c\u00f3mo una sola conducta irresponsable puede conducir a que se tengan que retrotraer las medidas de apertura.<\/em><\/p>\n<p><em>\u00a0<\/em><\/p>\n<p><em>Responsabilidad period\u00edstica. Resulta indispensable que los medios de comunicaci\u00f3n asuman su rol entendiendo que, aun con sus imperfecciones y efectos colaterales negativos, la cuarentena contin\u00faa siendo la mejor herramienta que tenemos para controlar la propagaci\u00f3n del virus y evitar miles de muertes. Cuanto mejor se explique desde los medios masivos que si se respeta el aislamiento necesitaremos menos tiempo de cuarentena, m\u00e1s posibilidades de \u00e9xito tendremos.<\/em><\/p>\n<p><em>\u00a0<\/em><\/p>\n<p><em>Convivir con COVID-19 en Argentina ser\u00e1 un proceso largo que requerir\u00e1 de esfuerzos permanentes por parte de todas y todos, y de la aplicaci\u00f3n de estrategias inteligentes y cambiantes. Esto es contrario a \u201csentarse a esperar que pase el pico\u201d, como si fuese un fen\u00f3meno estacional ante el cual nada puede hacerse, un discurso que puede tener consecuencias graves e irreparables.<\/em><\/p>\n<p><em>\u00a0<\/em><\/p>\n<p><em>El pico se habr\u00e1 producido cuando, a trav\u00e9s de acciones coordinadas, logremos comenzar a bajar el n\u00famero de nuevos casos. Como dec\u00edamos al principio, 21 de nuestros 24 distritos ya est\u00e1n cerca de \u201caplastar\u201d la curva de contagios.<\/em><\/p>\n<p><em>\u00a0<\/em><\/p>\n<p><em>Si actuamos en conjunto con una fuerte responsabilidad pol\u00edtica, civil y period\u00edstica podemos lograrlo en todo el pa\u00eds, es cuesti\u00f3n de no bajar los brazos y actuar con decisi\u00f3n y urgencia. Evitar contagios y muertes sigue estando en nuestras manos.<\/em><\/p>\n","protected":false},"excerpt":{"rendered":"<p>Reconocidos investigadores como Jorge Aliaga, Adri\u00e1n Paenza, Alberto Kornblihtt, Valeria Levi e Irina Izaguirre, entre otros, firmaron el documento que act\u00faa como una r\u00e9plica a la carta difundida d\u00edas atr\u00e1s con cr\u00edticas a las medidas del gobierno. Reclamaron \u201cresponsabilidad pol\u00edtica, civil y period\u00edstica\u201d en las respuestas a la pandemia &nbsp; &nbsp; Un grupo intelectuales dio a conocer una carta en apoyo a las medidas de aislamiento. Se\u00f1alan en ella que &#8220;convivir con covid-19 en Argentina ser\u00e1 un proceso largo que requerir\u00e1 de esfuerzos permanentes por parte de todas y todos,&#8230;<\/p>\n","protected":false},"author":3,"featured_media":60302,"comment_status":"closed","ping_status":"closed","sticky":false,"template":"","format":"standard","meta":[],"categories":[9],"tags":[],"_links":{"self":[{"href":"https:\/\/www.actualidadadiario.com\/index.php\/wp-json\/wp\/v2\/posts\/62207"}],"collection":[{"href":"https:\/\/www.actualidadadiario.com\/index.php\/wp-json\/wp\/v2\/posts"}],"about":[{"href":"https:\/\/www.actualidadadiario.com\/index.php\/wp-json\/wp\/v2\/types\/post"}],"author":[{"embeddable":true,"href":"https:\/\/www.actualidadadiario.com\/index.php\/wp-json\/wp\/v2\/users\/3"}],"replies":[{"embeddable":true,"href":"https:\/\/www.actualidadadiario.com\/index.php\/wp-json\/wp\/v2\/comments?post=62207"}],"version-history":[{"count":1,"href":"https:\/\/www.actualidadadiario.com\/index.php\/wp-json\/wp\/v2\/posts\/62207\/revisions"}],"predecessor-version":[{"id":62208,"href":"https:\/\/www.actualidadadiario.com\/index.php\/wp-json\/wp\/v2\/posts\/62207\/revisions\/62208"}],"wp:featuredmedia":[{"embeddable":true,"href":"https:\/\/www.actualidadadiario.com\/index.php\/wp-json\/wp\/v2\/media\/60302"}],"wp:attachment":[{"href":"https:\/\/www.actualidadadiario.com\/index.php\/wp-json\/wp\/v2\/media?parent=62207"}],"wp:term":[{"taxonomy":"category","embeddable":true,"href":"https:\/\/www.actualidadadiario.com\/index.php\/wp-json\/wp\/v2\/categories?post=62207"},{"taxonomy":"post_tag","embeddable":true,"href":"https:\/\/www.actualidadadiario.com\/index.php\/wp-json\/wp\/v2\/tags?post=62207"}],"curies":[{"name":"wp","href":"https:\/\/api.w.org\/{rel}","templated":true}]}}