{"id":62204,"date":"2020-06-01T13:51:17","date_gmt":"2020-06-01T16:51:17","guid":{"rendered":"https:\/\/www.actualidadadiario.com\/?p=62204"},"modified":"2020-06-01T13:51:17","modified_gmt":"2020-06-01T16:51:17","slug":"antes-de-definir-la-cuarentena-el-presidente-retoma-la-agenda-oficial","status":"publish","type":"post","link":"https:\/\/www.actualidadadiario.com\/index.php\/2020\/06\/01\/antes-de-definir-la-cuarentena-el-presidente-retoma-la-agenda-oficial\/","title":{"rendered":"Antes de definir la cuarentena, el Presidente retoma la agenda oficial"},"content":{"rendered":"<p style=\"text-align: center;\"><em><strong>El Gobierno definir\u00e1 c\u00f3mo continuar\u00e1 el aislamiento social. Cafiero recibe esta tarde a ministros de Ciudad y Provincia. Alberto Fern\u00e1ndez visita Pilar junto a Kicillof y prepara un viaje a la Patagonia<\/strong><\/em><\/p>\n<p>&nbsp;<\/p>\n<p>&nbsp;<\/p>\n<p>Otra semana clave para la continuidad de la cuarentena. La Rosada deber\u00e1 definir si seguir\u00e1 con un aislamiento m\u00e1s restrictivo o igual que hasta ahora en el AMBA. En paralelo, Alberto Fern\u00e1ndez tiene decidido retomar la agenda &#8220;pandemia&#8221; y &#8220;postpandemia&#8221;, lo que implica mostrar acci\u00f3n en cuanto a enfrentar a la crisis sanitaria, y por otro lado, reactivar la relaci\u00f3n pol\u00edtica con los gobernadores.<\/p>\n<p>En otra demostraci\u00f3n de apoyo, el Presidente volver\u00e1 a mostrarse en el distrito que gobierna Axel Kicillof. Ambos inaugurar\u00e1n un hospital &#8220;solidario&#8221; que se mont\u00f3 en el Hospital Austral de Pilar y recorrer\u00e1 un centro de diagn\u00f3stico de coronavirus.<\/p>\n<p>El hospital est\u00e1 destinado a atender pacientes sin cobertura m\u00e9dica. El edificio\u00a0 contar\u00e1 con 60 camas, 40 para observaci\u00f3n y otras 20 para terapia intensiva e intermedia. Acompa\u00f1ado por el gobernador y el intendente Federico Ach\u00e1val, Fern\u00e1ndez asistir\u00e1 a la inauguraci\u00f3n del nuevo centro de testeo en el kil\u00f3metro 46 de la Panamericana, que ser\u00e1 el primero del pa\u00eds en el que se podr\u00e1n realizar test sin bajarse del auto.<\/p>\n<p>El Presidente tiene previsto continuar con el raid de recorridas por las provincias. Este jueves visitar\u00eda la regi\u00f3n patag\u00f3nica, el lugar donde eligi\u00f3 iniciar la campa\u00f1a como candidato presidencial. Fuentes oficiales confirmaron que viajar\u00e1 a Santa Cruz y Neuqu\u00e9n. Ambos distritos est\u00e1n dentro de las provincias con mayor flexibilizaci\u00f3n en la cuarentena.<\/p>\n<p>En el marco de la continuidad del aislamiento obligatorio en el AMBA, el jefe de Gabinete, Santiago Cafiero, reunir\u00e1 a los ministros de la Ciudad y de la Provincia de Buenos Aires en la Casa Rosada. A la reuni\u00f3n prevista a las 18 horas, asistir\u00e1n\u00a0 los tres Jefes de Gabinete, los ministros de Salud, Desarrollo Social y\u00a0 Seguridad para analizar la situaci\u00f3n en la regi\u00f3n que se encuentra en fase 3 de la cuarentena.<\/p>\n<p>La reuni\u00f3n con los comit\u00e9s de emergencia de Ciudad, Provincia y Naci\u00f3n analizar\u00e1 c\u00f3mo vienen funcionando las medidas que se tomaron hace una semana y c\u00f3mo viene la ocupaci\u00f3n de las camas.<\/p>\n","protected":false},"excerpt":{"rendered":"<p>El Gobierno definir\u00e1 c\u00f3mo continuar\u00e1 el aislamiento social. Cafiero recibe esta tarde a ministros de Ciudad y Provincia. Alberto Fern\u00e1ndez visita Pilar junto a Kicillof y prepara un viaje a la Patagonia &nbsp; &nbsp; Otra semana clave para la continuidad de la cuarentena. La Rosada deber\u00e1 definir si seguir\u00e1 con un aislamiento m\u00e1s restrictivo o igual que hasta ahora en el AMBA. En paralelo, Alberto Fern\u00e1ndez tiene decidido retomar la agenda &#8220;pandemia&#8221; y &#8220;postpandemia&#8221;, lo que implica mostrar acci\u00f3n en cuanto a enfrentar a la crisis sanitaria, y por otro&#8230;<\/p>\n","protected":false},"author":3,"featured_media":62205,"comment_status":"closed","ping_status":"closed","sticky":false,"template":"","format":"standard","meta":[],"categories":[9],"tags":[],"_links":{"self":[{"href":"https:\/\/www.actualidadadiario.com\/index.php\/wp-json\/wp\/v2\/posts\/62204"}],"collection":[{"href":"https:\/\/www.actualidadadiario.com\/index.php\/wp-json\/wp\/v2\/posts"}],"about":[{"href":"https:\/\/www.actualidadadiario.com\/index.php\/wp-json\/wp\/v2\/types\/post"}],"author":[{"embeddable":true,"href":"https:\/\/www.actualidadadiario.com\/index.php\/wp-json\/wp\/v2\/users\/3"}],"replies":[{"embeddable":true,"href":"https:\/\/www.actualidadadiario.com\/index.php\/wp-json\/wp\/v2\/comments?post=62204"}],"version-history":[{"count":1,"href":"https:\/\/www.actualidadadiario.com\/index.php\/wp-json\/wp\/v2\/posts\/62204\/revisions"}],"predecessor-version":[{"id":62206,"href":"https:\/\/www.actualidadadiario.com\/index.php\/wp-json\/wp\/v2\/posts\/62204\/revisions\/62206"}],"wp:featuredmedia":[{"embeddable":true,"href":"https:\/\/www.actualidadadiario.com\/index.php\/wp-json\/wp\/v2\/media\/62205"}],"wp:attachment":[{"href":"https:\/\/www.actualidadadiario.com\/index.php\/wp-json\/wp\/v2\/media?parent=62204"}],"wp:term":[{"taxonomy":"category","embeddable":true,"href":"https:\/\/www.actualidadadiario.com\/index.php\/wp-json\/wp\/v2\/categories?post=62204"},{"taxonomy":"post_tag","embeddable":true,"href":"https:\/\/www.actualidadadiario.com\/index.php\/wp-json\/wp\/v2\/tags?post=62204"}],"curies":[{"name":"wp","href":"https:\/\/api.w.org\/{rel}","templated":true}]}}