{"id":62199,"date":"2020-06-01T13:49:53","date_gmt":"2020-06-01T16:49:53","guid":{"rendered":"https:\/\/www.actualidadadiario.com\/?p=62199"},"modified":"2020-06-01T13:49:53","modified_gmt":"2020-06-01T16:49:53","slug":"vuelven-a-atender-al-publico-36-oficinas-de-la-anses-de-distintos-puntos-del-pais","status":"publish","type":"post","link":"https:\/\/www.actualidadadiario.com\/index.php\/2020\/06\/01\/vuelven-a-atender-al-publico-36-oficinas-de-la-anses-de-distintos-puntos-del-pais\/","title":{"rendered":"Vuelven a atender al p\u00fablico 36 oficinas de la Anses de distintos puntos del pa\u00eds"},"content":{"rendered":"<p style=\"text-align: center;\"><em><strong>La dependencia oficial precis\u00f3 que la atenci\u00f3n se realizar\u00e1 con una limitaci\u00f3n de acceso a las personas para evitar circulaci\u00f3n en los edificios y, as\u00ed, garantizar el protocolo sanitario<\/strong><\/em><\/p>\n<p>&nbsp;<\/p>\n<p>&nbsp;<\/p>\n<p>La Administraci\u00f3n Nacional de la Seguridad Social (Anses) reabrir\u00e1 hoy 36 Unidades de Atenci\u00f3n Integral (UDAI) de distintos puntos del pa\u00eds, que se sumar\u00e1n a las 24 que ya estaban atendiendo al p\u00fablico, todas ellas bajo el sistema de turnos programados.<\/p>\n<p>La dependencia oficial precis\u00f3 que la atenci\u00f3n se realizar\u00e1 con una limitaci\u00f3n de acceso a las personas para evitar circulaci\u00f3n en los edificios y, as\u00ed, garantizar el protocolo sanitario.<\/p>\n<p>Seg\u00fan precis\u00f3 la Anses en un comunicado, reabrir\u00e1n hoy las delegaciones que corresponden a las localidades cordobesas de Leones, Alta Gracia; las oficinas de Las Catitas, San Mart\u00edn y Tupungato, en Mendoza; y la de la capital puntana, en la ciudad de San Luis.<\/p>\n<p>En Entre R\u00edos, volver\u00e1n a atender al p\u00fablico las oficinas de Victoria y Gualeguaych\u00fa; mientras que en Santa Fe volver\u00e1 a hacer lo propio la delegaci\u00f3n Rafaela.<\/p>\n<p>En la provincia de Buenos Aires, reabrir\u00e1n las delegaciones Chivilcoy, Ramallo, San Nicol\u00e1s, Alberti, Bragado, Col\u00f3n, Balcarce, San Andr\u00e9s de Giles, Suipacha, Coronel Brandsen y Lobos.<\/p>\n<p>En tanto, en Chaco, volver\u00e1 a atender al p\u00fablico las oficinas de las localidades de Juan Jos\u00e9 Castelli, Las Bre\u00f1as y Villa Angela.<\/p>\n<p>En Formosa, la reapertura comprender\u00e1 a la oficina de la localidad de Ingeniero Ju\u00e1rez; en Misiones,las de San Vicente y Eldorado; mientras que en Corrientes volver\u00e1n a atender las delegaciones Santo Tom\u00e9, Goya y Curuz\u00fa Cuat\u00eda.<\/p>\n<p>Por \u00faltimo, tambi\u00e9n volver\u00e1n a atender al p\u00fablico -bajo un sistema de turno previo, del mismo modo que todas las dem\u00e1s- las oficinas de la Anses de las ciudades de La Rioja y Catamarca.<\/p>\n","protected":false},"excerpt":{"rendered":"<p>La dependencia oficial precis\u00f3 que la atenci\u00f3n se realizar\u00e1 con una limitaci\u00f3n de acceso a las personas para evitar circulaci\u00f3n en los edificios y, as\u00ed, garantizar el protocolo sanitario &nbsp; &nbsp; La Administraci\u00f3n Nacional de la Seguridad Social (Anses) reabrir\u00e1 hoy 36 Unidades de Atenci\u00f3n Integral (UDAI) de distintos puntos del pa\u00eds, que se sumar\u00e1n a las 24 que ya estaban atendiendo al p\u00fablico, todas ellas bajo el sistema de turnos programados. La dependencia oficial precis\u00f3 que la atenci\u00f3n se realizar\u00e1 con una limitaci\u00f3n de acceso a las personas para&#8230;<\/p>\n","protected":false},"author":3,"featured_media":42787,"comment_status":"closed","ping_status":"closed","sticky":false,"template":"","format":"standard","meta":[],"categories":[2],"tags":[],"_links":{"self":[{"href":"https:\/\/www.actualidadadiario.com\/index.php\/wp-json\/wp\/v2\/posts\/62199"}],"collection":[{"href":"https:\/\/www.actualidadadiario.com\/index.php\/wp-json\/wp\/v2\/posts"}],"about":[{"href":"https:\/\/www.actualidadadiario.com\/index.php\/wp-json\/wp\/v2\/types\/post"}],"author":[{"embeddable":true,"href":"https:\/\/www.actualidadadiario.com\/index.php\/wp-json\/wp\/v2\/users\/3"}],"replies":[{"embeddable":true,"href":"https:\/\/www.actualidadadiario.com\/index.php\/wp-json\/wp\/v2\/comments?post=62199"}],"version-history":[{"count":1,"href":"https:\/\/www.actualidadadiario.com\/index.php\/wp-json\/wp\/v2\/posts\/62199\/revisions"}],"predecessor-version":[{"id":62200,"href":"https:\/\/www.actualidadadiario.com\/index.php\/wp-json\/wp\/v2\/posts\/62199\/revisions\/62200"}],"wp:featuredmedia":[{"embeddable":true,"href":"https:\/\/www.actualidadadiario.com\/index.php\/wp-json\/wp\/v2\/media\/42787"}],"wp:attachment":[{"href":"https:\/\/www.actualidadadiario.com\/index.php\/wp-json\/wp\/v2\/media?parent=62199"}],"wp:term":[{"taxonomy":"category","embeddable":true,"href":"https:\/\/www.actualidadadiario.com\/index.php\/wp-json\/wp\/v2\/categories?post=62199"},{"taxonomy":"post_tag","embeddable":true,"href":"https:\/\/www.actualidadadiario.com\/index.php\/wp-json\/wp\/v2\/tags?post=62199"}],"curies":[{"name":"wp","href":"https:\/\/api.w.org\/{rel}","templated":true}]}}