{"id":61694,"date":"2020-05-21T13:02:33","date_gmt":"2020-05-21T16:02:33","guid":{"rendered":"https:\/\/www.actualidadadiario.com\/?p=61694"},"modified":"2020-05-21T13:02:33","modified_gmt":"2020-05-21T16:02:33","slug":"senado-avanzo-con-el-analisis-del-proyecto-de-creacion-del-comite-de-bioetica-central","status":"publish","type":"post","link":"https:\/\/www.actualidadadiario.com\/index.php\/2020\/05\/21\/senado-avanzo-con-el-analisis-del-proyecto-de-creacion-del-comite-de-bioetica-central\/","title":{"rendered":"Senado avanz\u00f3 con el an\u00e1lisis del proyecto de creaci\u00f3n del Comit\u00e9 de Bio\u00e9tica Central"},"content":{"rendered":"<p style=\"text-align: center;\"><em><strong>Este mi\u00e9rcoles se reuni\u00f3 la Comisi\u00f3n de Salud y abord\u00f3 un proyecto sobre la creaci\u00f3n del Comit\u00e9 de Bio\u00e9tica Central para profundizar la tarea que realizan los hospitales p\u00fablicos<\/strong><\/em><\/p>\n<p>&nbsp;<\/p>\n<p>&nbsp;<\/p>\n<p>La senadora por el departamento Diamante, Claudia Gieco, asegur\u00f3 que ya est\u00e1n tratando temas en diferentes comisiones con vistas a la realizaci\u00f3n de una nueva sesi\u00f3n que se realizar\u00e1 la pr\u00f3xima semana.<\/p>\n<p>\u201cCon el surgimiento de la pandemia tuvimos que generar modos de comunicaci\u00f3n diferentes, as\u00ed que a trav\u00e9s de videoconferencia este mi\u00e9rcoles nos reunimos en el marco de la Comisi\u00f3n de Salud\u201d, dijo.<\/p>\n<p>La legisladora coment\u00f3 que desde el Ejecutivo lleg\u00f3 un proyecto para la creaci\u00f3n de un Comit\u00e9 de Bio\u00e9tica Central, dependiente del Ministerio de Salud.<\/p>\n<p>\u201cLos hospitales de nuestra provincia tienen sus comit\u00e9s, pero no existe un comit\u00e9 central que los regule, que act\u00fae como \u00f3rgano rector, y que profundice un poco m\u00e1s sobre la investigaci\u00f3n de lo existente y lo que se proyecta a futuro en la materia\u201d, cont\u00f3.<\/p>\n<p>Al terminar la reuni\u00f3n, Claudia Gieco dej\u00f3 ver la posibilidad de una sesi\u00f3n de la C\u00e1mara de Senadores para la semana pr\u00f3xima.<\/p>\n<p>&nbsp;<\/p>\n<p><strong>El proyecto<\/strong><\/p>\n<p>El Comit\u00e9 Central de Bio\u00e9tica para la pr\u00e1ctica y la investigaci\u00f3n biom\u00e9dica, dependiente de la Direcci\u00f3n de Ciencia y Tecnolog\u00eda del Ministerio de Salud, estar\u00e1 conformado por profesionales y no profesionales en diversas materias a fin de abordar interdisciplinariamente las problem\u00e1ticas que surjan en la praxis m\u00e9dica y en las investigaciones biom\u00e9dicas.<\/p>\n<p>El fin rector del Comit\u00e9 Central de Bio\u00e9tica en la pr\u00e1ctica y en la investigaci\u00f3n biom\u00e9dica, ser\u00e1 velar por el respeto de los fundamentos y principios de la \u00e9tica y de los derechos humanos, tanto en las pr\u00e1cticas de salud como en el desenvolvimiento de las investigaciones en salud humana desarrolladas y a desarrollarse en territorio entrerriano.<\/p>\n<p>Uno de los objetivos ser\u00e1 reglar y fiscalizar las actividades que lleven adelante los comit\u00e9s de \u00e9tica formados y a formarse en la provincia, siempre dentro de los m\u00e1rgenes establecidos por la Resoluci\u00f3n N\u00ba 1480\/11 del Ministerio de Salud de la Naci\u00f3n (Gu\u00eda para investigaciones con seres humanos) y por el marco normativo internacional.<\/p>\n","protected":false},"excerpt":{"rendered":"<p>Este mi\u00e9rcoles se reuni\u00f3 la Comisi\u00f3n de Salud y abord\u00f3 un proyecto sobre la creaci\u00f3n del Comit\u00e9 de Bio\u00e9tica Central para profundizar la tarea que realizan los hospitales p\u00fablicos &nbsp; &nbsp; La senadora por el departamento Diamante, Claudia Gieco, asegur\u00f3 que ya est\u00e1n tratando temas en diferentes comisiones con vistas a la realizaci\u00f3n de una nueva sesi\u00f3n que se realizar\u00e1 la pr\u00f3xima semana. \u201cCon el surgimiento de la pandemia tuvimos que generar modos de comunicaci\u00f3n diferentes, as\u00ed que a trav\u00e9s de videoconferencia este mi\u00e9rcoles nos reunimos en el marco de&#8230;<\/p>\n","protected":false},"author":3,"featured_media":43517,"comment_status":"closed","ping_status":"closed","sticky":false,"template":"","format":"standard","meta":[],"categories":[15],"tags":[],"_links":{"self":[{"href":"https:\/\/www.actualidadadiario.com\/index.php\/wp-json\/wp\/v2\/posts\/61694"}],"collection":[{"href":"https:\/\/www.actualidadadiario.com\/index.php\/wp-json\/wp\/v2\/posts"}],"about":[{"href":"https:\/\/www.actualidadadiario.com\/index.php\/wp-json\/wp\/v2\/types\/post"}],"author":[{"embeddable":true,"href":"https:\/\/www.actualidadadiario.com\/index.php\/wp-json\/wp\/v2\/users\/3"}],"replies":[{"embeddable":true,"href":"https:\/\/www.actualidadadiario.com\/index.php\/wp-json\/wp\/v2\/comments?post=61694"}],"version-history":[{"count":1,"href":"https:\/\/www.actualidadadiario.com\/index.php\/wp-json\/wp\/v2\/posts\/61694\/revisions"}],"predecessor-version":[{"id":61695,"href":"https:\/\/www.actualidadadiario.com\/index.php\/wp-json\/wp\/v2\/posts\/61694\/revisions\/61695"}],"wp:featuredmedia":[{"embeddable":true,"href":"https:\/\/www.actualidadadiario.com\/index.php\/wp-json\/wp\/v2\/media\/43517"}],"wp:attachment":[{"href":"https:\/\/www.actualidadadiario.com\/index.php\/wp-json\/wp\/v2\/media?parent=61694"}],"wp:term":[{"taxonomy":"category","embeddable":true,"href":"https:\/\/www.actualidadadiario.com\/index.php\/wp-json\/wp\/v2\/categories?post=61694"},{"taxonomy":"post_tag","embeddable":true,"href":"https:\/\/www.actualidadadiario.com\/index.php\/wp-json\/wp\/v2\/tags?post=61694"}],"curies":[{"name":"wp","href":"https:\/\/api.w.org\/{rel}","templated":true}]}}