{"id":61691,"date":"2020-05-21T13:01:42","date_gmt":"2020-05-21T16:01:42","guid":{"rendered":"https:\/\/www.actualidadadiario.com\/?p=61691"},"modified":"2020-05-21T13:01:42","modified_gmt":"2020-05-21T16:01:42","slug":"diputados-aprobo-la-licencia-de-conducir-digital","status":"publish","type":"post","link":"https:\/\/www.actualidadadiario.com\/index.php\/2020\/05\/21\/diputados-aprobo-la-licencia-de-conducir-digital\/","title":{"rendered":"Diputados aprob\u00f3 la licencia de conducir digital"},"content":{"rendered":"<p style=\"text-align: center;\"><em><strong>La C\u00e1mara de Diputados de la provincia aprob\u00f3 en su tercera sesi\u00f3n del a\u00f1o el proyecto para que rija en Entre R\u00edos la licencia de conducir digital. Tambi\u00e9n se aprob\u00f3 la cesi\u00f3n de tierras para distintos emprendimientos en varios municipios de la provincia<\/strong><\/em><\/p>\n<p>&nbsp;<\/p>\n<p>&nbsp;<\/p>\n<p>Diputados sesion\u00f3 nuevamente con la modalidad mixta, es decir con los presidentes de bloque (Juan Navarro por el oficialismo; Esteban Vitor del Pro; Gustavo Cusinato por la UCR y Juan Domingo Zacar\u00edas del Movimiento Social Entrerriano), el titular de la C\u00e1mara, Angel Giano y el prosecretario y secretario de Diputados presentes en el recinto y los dem\u00e1s legisladores conectados de manera virtual. Hubo qu\u00f3rum completo: 34 legisladores participaron de la cita.<\/p>\n<p>La sesi\u00f3n se desarroll\u00f3 con normalidad y el debate se pudo realizar sin ning\u00fan tipo de inconveniente t\u00e9cnico, a pesar de que los legisladores estaban vinculados desde todos los puntos de la provincia.<\/p>\n<p>Uno de los proyectos principales de la sesi\u00f3n fue la sanci\u00f3n de la adhesi\u00f3n de la provincia a las modificaciones de la ley de tr\u00e1nsito y a la instrumentaci\u00f3n de la licencia de conducir digital, que permitir\u00e1 a quienes conducen veh\u00edculos por rutas y calles de la provincia mostrar su habilitaci\u00f3n para circular y conducir a trav\u00e9s de una aplicaci\u00f3n en su celular.<\/p>\n<p>A la hora de los homenajes, los diputados del Frente Creer N\u00e9stor Loggio; Julio Solanas y Carmen Toller, destacaron la figura del padre Mugica, a poco de cumplirse un aniversario de su asesinato a manos de la Triple A.\u00a0 Luc\u00eda Varisco y Ariel Brupbacher (UCR) recordaron al fallecido ex diputado provincial y caracterizado militante Alfredo Maffioly. Juan Huss, por el oficialismo, hizo un desagravio a la figura del primer ministro de Salud de la Naci\u00f3n, Ram\u00f3n Carrillo, ante los ataques que recibi\u00f3 por su presunta simpat\u00eda con el r\u00e9gimen de la Alemania nazi. Mariana Farf\u00e1n, tambi\u00e9n del Frente Creer, destac\u00f3 el 17 de mayo como d\u00eda contra la homofobia y contra el odio hacia las diferentes identidades sexuales.<\/p>\n<p>Por su parte, Zacar\u00edas hizo una breve menci\u00f3n al ex presidente oriental Jos\u00e9 \u201cPepe\u201d Mujica, que hace unos d\u00edas cumpli\u00f3 a\u00f1os y Juli\u00e1n Maneiro homenaje\u00f3 la pol\u00edtica de soberan\u00eda energ\u00e9tica a raz\u00f3n de conmemorarse el d\u00eda de la energ\u00eda nuclear.<\/p>\n<p>&nbsp;<\/p>\n<p><strong>Otros proyectos aprobados<\/strong><\/p>\n<p>En la sesi\u00f3n se debatieron y aprobaron los proyectos de ley que contaban con dict\u00e1menes favorables de las distintas Comisiones de trabajo de la C\u00e1mara.<\/p>\n<p>La diputada Carina Ramos, presidenta de la Comisi\u00f3n de Legislaci\u00f3n General, fue quien inform\u00f3 sobre el dictamen alcanzado sobre nueve proyectos analizados en dicha comisi\u00f3n: \u201cTodo esfuerzo que hagamos, que garantice y posibilite herramientas, como as\u00ed tambi\u00e9n la realizaci\u00f3n de obras, tendr\u00e1 incidencia directa en el ejercicio de los derechos humanos\u201d, se\u00f1al\u00f3 Ramos y a\u00f1adi\u00f3: \u201cQuienes hoy legislamos en la provincia, compartimos el compromiso de trabajar en una agenda y en el debate de propuestas cuyo principal objetivo sea el bienestar de las entrerrianas y entrerrianos\u201d.<\/p>\n<p>Los proyectos aprobados declaran de utilidad p\u00fablica y sujeto a expropiaci\u00f3n a distintos inmuebles -de acuerdo a las ordenanzas respectivas- en la ciudad de Concordia, Chajar\u00ed, Paranacito, General Galarza, Bovril, Viale y Paran\u00e1, de importantes locaciones para el funcionamiento y mejoramiento de cada localidad:\u00a0 -por el que se autoriza al Instituto Aut\u00e1rquico de Planeamiento y Vivienda a donar a favor el Municipio de Viale, un inmueble de su propiedad, con destino a calle p\u00fablica (Exp. 21108); por el que se acepta la donaci\u00f3n formulada por la Municipalidad de Villa Paranacito, de\u00a0 inmueble con destino a la construcci\u00f3n del edificio de la Direcci\u00f3n Departamental de Escuelas de Islas del Ibicuy (Exp. 21305); por el que se autoriza al Instituto Aut\u00e1rquico de Planeamiento y Vivienda a donar a la Municipalidad de Concordia, dos inmuebles de su propiedad destinados a calles p\u00fablicas (Exp. 22847); por el que aceptan dos fracciones de terreno dentro de inmuebles de mayor extensi\u00f3n, de la Cooperadora \u201cGurisito\u201d de la Escuela Primaria Nro. 112 \u201cIndependencia\u201d de la ciudad de Bovril (Exp. 22865); por el que se adjudican inmuebles para el programa de Mejoramiento Barrial de la ciudad de Concordia (Promeba Dos, Concordia noroeste) (Exp. 22889); por el que se adjudican inmuebles para la radicaci\u00f3n definitiva de los grupos familiares que actualmente se encuentran habitando en el \u00e9jido de la ciudad de Concordia (Exp. 23098); por el que se adjudica inmueble de la planta urbana del Municipio de Chajar\u00ed con destino a la construcci\u00f3n del edificio de la Escuela Secundaria Nro. 15 \u201cSan Antonio\u201d (Exp. 23103); por el que se acepta la donaci\u00f3n formulado por la Municipalidad de Parancito, de un inmueble con destino a la construcci\u00f3n del edificio de la Unidad Educativa Nro. 11 \u201cSonrisas de Sol\u201d (Exp. 23274); &#8211; por el que se acepta la cesi\u00f3n de los derechos y obligaciones de una parcela de terreno a favor de integrantes de la Cooperadora de la Escuela Primaria Nro. 42 \u201cEl Santo de la Espada\u201d de la localidad de General Galarza, destinada a ese establecimiento (Exp. 23566).<\/p>\n<p>&nbsp;<\/p>\n<p><strong>Planta de Agua de la Ciudad de Paran\u00e1<\/strong><\/p>\n<p>Tambi\u00e9n se aprob\u00f3 el proyecto de Ley que incorpora al plan de obras p\u00fablicas -aprobado por el Art\u00edculo 21\u00ba de la Ley de Presupuesto N\u00ba 10.754- la obra de \u201cOptimizaci\u00f3n del sistema de captaci\u00f3n de agua-cruda-Refuncionalizaci\u00f3n y aumento de producci\u00f3n en Planta Ram\u00edrez y Nuevas redes maestras y enlaces desde Centro Distribuidor Ej\u00e9rcito\u201d en la ciudad de Paran\u00e1 (Exp. 24141).<\/p>\n<p>El diputado Julio Solanas se refiri\u00f3 a esta obra a la que calific\u00f3 como \u201cmuy importante\u201d para la ciudad. \u201cEl gobierno nacional tiene como prioridad a la salud p\u00fablica y se ha tomado el tiempo de considerar este proyecto que busca optimizar la Planta Potabilizadora de Agua de Paran\u00e1 y a la antigua planta de calle Ram\u00edrez, como as\u00ed tambi\u00e9n generar actividad econ\u00f3mica y empleo\u201d.<\/p>\n<p>Por su parte el diputado Zacar\u00edas agreg\u00f3 que \u201cse debe apuntar no solo a la inversi\u00f3n en el caudal de potabilizaci\u00f3n sino tambi\u00e9n a invertir en la l\u00ednea domiciliaria, ya que la mayor\u00eda de los problemas de pavimento de nuestra ciudad es por causa de la falta de mantenimiento de las ca\u00f1er\u00edas\u201d.<\/p>\n<p>Tambi\u00e9n fue aprobado otro proyecto presentado por el presidente de la C\u00e1mara, Angel Giano, por el cual la Provincia adhiere a la Ley Nacional N\u00ba 26985, referido a la Red Mundial de Escuelas Scholas Ocurrentes.<\/p>\n<p>&nbsp;<\/p>\n<p><strong>Proyectos de Declaraci\u00f3n<\/strong><\/p>\n<p>Otros proyectos sancionados fueron de Declaraci\u00f3n en relaci\u00f3n al desarrollo de la ciencia y el coronavirus. Los primeros de ellos presentados por el diputado Sergio Castrill\u00f3n, por el que declara benepl\u00e1cito por la aprobaci\u00f3n del primer test nacional para medir los anticuerpos contra el coronavirus, desarrollado por un equipo de cient\u00edficos, investigadoras e investigadores del CONICET y la Fundaci\u00f3n Leloir, y tambi\u00e9n por la creaci\u00f3n del nuevo test nacional \u201cNeokit-Covid-19\u2033 que permite detectar el coronavirus SARS-COV-2 en menos de 2 horas. El mismo fue desarrollado por cient\u00edficos del Instituto de Ciencia y Tecnolog\u00eda Dr. C\u00e9sar Milstein (CONICET-Fundaci\u00f3n Pablo Cassar\u00e1).<\/p>\n<p>\u201cFelicitamos a cient\u00edficas y cient\u00edficos, a investigadores e investigadoras de nuestro pa\u00eds, que adem\u00e1s de ir asesorando a nuestro presidente est\u00e1n trabajando para encontrar soluciones ante el virus que nos atraviesa. El desarrollo del kit es un orgullo para todos los argentinos y mucho m\u00e1s para el CONICET, que ha demostrado la capacidad y la excelencia de la comunidad cient\u00edfica\u201d, expres\u00f3 Castrill\u00f3n.<\/p>\n<p>Por su parte el diputado Gustavo Zavallo, present\u00f3 el proyecto aprobado en esta tercera sesi\u00f3n ordinaria, que declara de inter\u00e9s la Radio Educatic Paran\u00e1, desarrollada en el marco del Proyecto Radio Educativa Digital. La diputada Ramos argument\u00f3 que \u201cel proyecto nace como iniciativa de un grupo de docentes paranaenses para afrontar la pandemia de manera creativa. Esta herramienta permite a trav\u00e9s de las nuevas tecnolog\u00edas el trabajo interdisciplinario en los distintos niveles educativos\u201d.<\/p>\n<p>En el orden del d\u00eda se trat\u00f3 adem\u00e1s el Proyecto de Declaraci\u00f3n presentado por las diputadas Stefan\u00eda Cora, Carina Ramos, Mariana Farf\u00e1n, Silvia Moreno, Paola Rubattino, Carmen Toller y los diputados Juan Manuel Huss, Juan Navarro, Jos\u00e9 C\u00e1ceres, Leonardo Silva, Juan Pablo Cosso, Gustavo Zavallo, Angel Giano, Diego Lara, Sergio Castrill\u00f3n, Jorge C\u00e1ceres, Jos\u00e9 Kramer y Julio Solanas por el que se manifest\u00f3 \u201crepudio y preocupaci\u00f3n por las declaraciones machistas y violentas vertidas por Ricardo Bussi, legislador y presidente del Bloque de Fuerza Republicana de Tucum\u00e1n\u201d.<\/p>\n<p>\u201cBussi niega la igualdad de derechos entre hombres y mujeres, desestimando las luchas y conquistas del movimiento feminista, y desconociendo la existencia de las situaciones de violencia de g\u00e9nero y feminicidios, en pos de justificar el Proyecto de Ley que impulsa para que la Provincia de Tucum\u00e1n no se adhiera a la Ley Micaela\u201d, indic\u00f3 la diputada Cora encargada de fundamentar el proyecto y asever\u00f3 que en nuestra provincia tiene particular importancia este tema ya que la Ley Micaela deja un legado del trabajo en pos de la igualdad de derechos \u201cse lo debemos a la Negra\u201d, manifest\u00f3 en alusi\u00f3n a Micaela Garc\u00eda.<\/p>\n<p>&nbsp;<\/p>\n<p><strong>Proyecto de resoluci\u00f3n<\/strong><\/p>\n<p>Luego del cuarto intermedio, se aprob\u00f3 el proyecto de resoluci\u00f3n \u2013Expte. Nro. 23.950&#8211;, por el cual se solicita se realicen gestiones ante el Ministerio de Transporte de la Naci\u00f3n para que revea el cierre de la delegaci\u00f3n de la CNRT en Paran\u00e1.<\/p>\n<p>\u201cEste ente hace referencia a la posibilidad de prevenir e inspeccionar y el sostenimiento del empleo de los inspectores en toda la provincia\u201d, argument\u00f3 el diputado Solanas en relaci\u00f3n a la necesidad de reabrir la delegaci\u00f3n provincial.<\/p>\n<p>&nbsp;<\/p>\n<p><strong>Pedidos de Informes<\/strong><\/p>\n<p>Respecto a distintos pedidos de informes presentados por las y los legisladores, los mismos fueron remitidos a las \u00e1reas pertinentes del Poder Ejecutivo: pedido presentado por los diputados Troncoso, Zacar\u00edas, Anguiano, Vitor, Satto y la diputada Acosta sobre el destino dado al material extra\u00eddo por la empresa Luis Lossi S.A. en la repavimentaci\u00f3n del camino de acceso a la localidad de Puerto Yeru\u00e1, Departamento Concordia; pedido presentado por los diputados Maneiro, Brupbacher, Zacar\u00edas, Troncoso, Vitor, Cusinato y las diputadas Foletto, Jaroslavsky y Acosta sobre la situaci\u00f3n existente en relaci\u00f3n al COVID-19 respecto a la impresi\u00f3n de las boletas de pago del Impuesto Inmobiliario Urbano (segundo anticipo); pedido presentado por los diputados Zacar\u00edas, Vitor, Troncoso y la diputada Acosta sobre el robo de dosis de vacuna antigripal en el Hospital de Ni\u00f1os San Roque de Paran\u00e1; pedido presentado por los diputados Brupbacher, Maneiro, Zacar\u00edas, Vitor, Cusinato, Troncoso y las diputadas Foletto, Acosta y Jaroslavsky sobre si han llegado facturas de consumo de energ\u00eda el\u00e9ctrica en la provincia que no se corresponden con facturaciones anteriores ni con los incrementos conocidos y el pedido de informes de los diputados Troncoso, Cusinato, Brupbacher, Anguiano y las diputadas Jaroslavsky y Acosta sobre el n\u00famero de becas destinadas a transporte escolar que otorg\u00f3 el Instituto Becario de la Provincia en el corriente a\u00f1o.<\/p>\n<p>&nbsp;<\/p>\n<p><strong>Firma digital<\/strong><\/p>\n<p>En el inicio de la tercera sesi\u00f3n ordinaria, el presidente de la C\u00e1mara de Diputados, Angel Giano inform\u00f3 que \u201ca partir de la pr\u00f3xima semana, y organizados por turnos, se comenzar\u00e1 a realizar la firma digital de diputadas y diputados\u201d.<\/p>\n<p>\u201cEsto ser\u00e1 un paso m\u00e1s hacia la democracia digital y servir\u00e1 para ser utilizada tanto para los instrumentos p\u00fablicos como para la vida privada de cada una y cada uno\u201d, sostuvo Giano y destac\u00f3 el trabajo de las distintas \u00e1reas del \u00f3rgano legislativo para que el proceso sea realizado en estos tiempos de pandemia\u201d.<\/p>\n","protected":false},"excerpt":{"rendered":"<p>La C\u00e1mara de Diputados de la provincia aprob\u00f3 en su tercera sesi\u00f3n del a\u00f1o el proyecto para que rija en Entre R\u00edos la licencia de conducir digital. Tambi\u00e9n se aprob\u00f3 la cesi\u00f3n de tierras para distintos emprendimientos en varios municipios de la provincia &nbsp; &nbsp; Diputados sesion\u00f3 nuevamente con la modalidad mixta, es decir con los presidentes de bloque (Juan Navarro por el oficialismo; Esteban Vitor del Pro; Gustavo Cusinato por la UCR y Juan Domingo Zacar\u00edas del Movimiento Social Entrerriano), el titular de la C\u00e1mara, Angel Giano y el&#8230;<\/p>\n","protected":false},"author":3,"featured_media":61692,"comment_status":"closed","ping_status":"closed","sticky":false,"template":"","format":"standard","meta":[],"categories":[15],"tags":[],"_links":{"self":[{"href":"https:\/\/www.actualidadadiario.com\/index.php\/wp-json\/wp\/v2\/posts\/61691"}],"collection":[{"href":"https:\/\/www.actualidadadiario.com\/index.php\/wp-json\/wp\/v2\/posts"}],"about":[{"href":"https:\/\/www.actualidadadiario.com\/index.php\/wp-json\/wp\/v2\/types\/post"}],"author":[{"embeddable":true,"href":"https:\/\/www.actualidadadiario.com\/index.php\/wp-json\/wp\/v2\/users\/3"}],"replies":[{"embeddable":true,"href":"https:\/\/www.actualidadadiario.com\/index.php\/wp-json\/wp\/v2\/comments?post=61691"}],"version-history":[{"count":1,"href":"https:\/\/www.actualidadadiario.com\/index.php\/wp-json\/wp\/v2\/posts\/61691\/revisions"}],"predecessor-version":[{"id":61693,"href":"https:\/\/www.actualidadadiario.com\/index.php\/wp-json\/wp\/v2\/posts\/61691\/revisions\/61693"}],"wp:featuredmedia":[{"embeddable":true,"href":"https:\/\/www.actualidadadiario.com\/index.php\/wp-json\/wp\/v2\/media\/61692"}],"wp:attachment":[{"href":"https:\/\/www.actualidadadiario.com\/index.php\/wp-json\/wp\/v2\/media?parent=61691"}],"wp:term":[{"taxonomy":"category","embeddable":true,"href":"https:\/\/www.actualidadadiario.com\/index.php\/wp-json\/wp\/v2\/categories?post=61691"},{"taxonomy":"post_tag","embeddable":true,"href":"https:\/\/www.actualidadadiario.com\/index.php\/wp-json\/wp\/v2\/tags?post=61691"}],"curies":[{"name":"wp","href":"https:\/\/api.w.org\/{rel}","templated":true}]}}