{"id":61688,"date":"2020-05-21T13:00:40","date_gmt":"2020-05-21T16:00:40","guid":{"rendered":"https:\/\/www.actualidadadiario.com\/?p=61688"},"modified":"2020-05-21T13:00:40","modified_gmt":"2020-05-21T16:00:40","slug":"el-gobierno-recibio-a-intendentes-de-cambiemos-en-el-marco-de-la-emergencia","status":"publish","type":"post","link":"https:\/\/www.actualidadadiario.com\/index.php\/2020\/05\/21\/el-gobierno-recibio-a-intendentes-de-cambiemos-en-el-marco-de-la-emergencia\/","title":{"rendered":"El gobierno recibi\u00f3 a intendentes de Cambiemos en el marco de la emergencia"},"content":{"rendered":"<p style=\"text-align: center;\"><em><strong>La vicegobernadora Laura Stratta y ministros del gabinete provincial recibieron este mi\u00e9rcoles a los intendentes de Cambiemos, a quienes les brindaron un detalle de las acciones de contenci\u00f3n sanitaria y social, y de obras de infraestructura<\/strong><\/em><\/p>\n<p>&nbsp;<\/p>\n<p>&nbsp;<\/p>\n<p>Adem\u00e1s, se abordaron temas como adicionales al personal esencial que otorg\u00f3 la provincia desde el inicio de la pandemia.<\/p>\n<p>Durante el encuentro se destac\u00f3 de \u201cmadurez pol\u00edtica\u201d y los presidentes municipales valoraron el di\u00e1logo con las autoridades provinciales. \u201cCada uno de nosotros, que formamos parte de partidos pol\u00edticos y defendemos la pol\u00edtica como herramienta de transformaci\u00f3n de la sociedad, entendemos que tambi\u00e9n ac\u00e1 hay una dimensi\u00f3n que es pol\u00edtica y que requiere que desde la madurez pol\u00edtica podamos encontrarnos para superar este contexto dif\u00edcil\u201d, indic\u00f3 Stratta.<\/p>\n<p>Acompa\u00f1aron a la vicegobernadora las ministras de Gobierno, Rosario Romero, de Salud, Sonia Vel\u00e1zquez; de Desarrollo Social, Marisa Paira; el ministro de Econom\u00eda, Hugo Ballay, y la coordinadora de Obras del Ministerio de Planeamiento, Eugenia Mayr.La delegaci\u00f3n de presidentes municipales de Cambiemos estuvo integrada por Pedro Galimberti, de Chajar\u00ed; Dar\u00edo Schneider, de Crespo; Gustavo Vergara; de Ram\u00edrez; Rafael Cavagna, de Nogoy\u00e1; y Bruno Sarubi, de La Paz.<\/p>\n<p>La reuni\u00f3n de concret\u00f3 en el Sal\u00f3n de los Gobernadores de la Casa Gris luego de que los presidentes municipales de Cambiemos publicaran el s\u00e1bado un comunicado de siete puntos, de los cuales uno de ellos era la solicitud del encuentro \u201cpara abordar las problem\u00e1ticas por las que atraviesan los municipios entrerrianos\u201d.<\/p>\n<p>Al recibir a los intendentes, Stratta remarc\u00f3: \u201cHace pocas horas en una de las conferencias de prensa que se brindan diariamente desde la Provincia para dar el informe epidemiol\u00f3gico a los entrerrianos, pero tambi\u00e9n para se\u00f1alar lo que cada \u00e1rea viene llevando adelante, el gobernador Gustavo Bordet daba cuenta del esfuerzo de la Provincia, con una inversi\u00f3n de 672 millones de pesos en este contexto de la pandemia, para fortalecer el sistema sanitario pero tambi\u00e9n para atender problemas sociales y econ\u00f3micos\u201d.<\/p>\n<p>\u201cEsa postura es la del presidente Alberto Fern\u00e1ndez, y la del gobernador Gustavo Bordet, quienes entienden que la prioridad es el cuidado de la salud de la poblaci\u00f3n\u201d, explic\u00f3 Stratta.<\/p>\n<p>La vicegobernadora adem\u00e1s resalt\u00f3 que \u201cel di\u00e1logo y el trabajo articulado con los municipios es una caracter\u00edstica de la gesti\u00f3n\u201d, y record\u00f3 que \u201cas\u00ed lo hemos entendido durante los cuatro a\u00f1os anteriores y queremos ponerlo en pr\u00e1ctica tambi\u00e9n ahora\u201d. \u201cUstedes son intendentes reelectos, conocen el modo en que se ha trabajado en estos a\u00f1os\u201d, agreg\u00f3 Stratta en referencia los intendentes de Cambiemos.<\/p>\n<p>La valoraci\u00f3n respecto del di\u00e1logo permanente fue compartida por los presidentes municipales, quienes valoraron el encuentro y manifestaron una consideraci\u00f3n favorable respecto de la situaci\u00f3n sanitaria en la provincia.<\/p>\n<p>&nbsp;<\/p>\n<p><strong>Di\u00e1logo permanente<\/strong><\/p>\n<p>La ministra de Gobierno y Justicia, Rosario Romero, agradeci\u00f3 la labor que vienen llevando adelante los presidentes municipales en conjunto con la Polic\u00eda de Entre R\u00edos en esta pandemia que \u201cnos sorprendi\u00f3 a todos y nos sac\u00f3 del ritmo con el que ven\u00edamos trabajando\u201d.<\/p>\n<p>En relaci\u00f3n al cumplimiento de la cuarentena, la ministra Romero inform\u00f3: \u201cEn la provincia registramos 1.592 detenidos por incumplimiento del aislamiento y 19.900 notificaciones por incumplimiento. De las notificaciones de cuarentena son 3.964, aparte de las que hace por su cuenta el Ministerio de Salud y tenemos 145 veh\u00edculos secuestrados a partir de una medida nacional que alent\u00f3 el tema del secuestro de veh\u00edculos\u201d.<\/p>\n<p>Durante el encuentro con intendentes, la ministra Romero entreg\u00f3 un informe pormenorizado de todas las medidas que se han tomado hacia el interior de las c\u00e1rceles. \u201cEs un informe que le pasamos al Superior Tribunal y a la Legislatura. Hemos construido entre el a\u00f1o pasado y este, dos m\u00f3dulos nuevos: uno en Paran\u00e1 y otro en Concordia\u201d<\/p>\n<p>\u201cAdem\u00e1s estamos construyendo en la ciudad de Federal en un predio que nos cedi\u00f3 el Ministerio de Salud, que correspond\u00eda al Hospital de Salud Mental. En uno de los grandes m\u00f3dulos de ese hospital se est\u00e1 haciendo una adaptaci\u00f3n para hacer celdas que albergar\u00edan unas 80 personas. Dentro del plan por planificaci\u00f3n tenemos presupuestado la construcci\u00f3n de dos m\u00f3dulos en la granja de Gualeguaych\u00fa\u201d, detall\u00f3.<\/p>\n<p>En este marco, concluy\u00f3: \u201cCon la ministra de Salud estamos trabajando y adaptando las c\u00e1rceles para prevenir una eventual necesidad de aislar alg\u00fan grupo de personas, en el caso de que haya alguna sospecha de Covid. Hasta ahora no lo ha habido, tenemos 2.400 internos y ning\u00fan caso dentro de las c\u00e1rceles. Si lo hubiera, las medidas ya las estamos tomando y Salud va a hacer una capacitaci\u00f3n en este sentido, para m\u00e9dicos y agentes del Servicio Penitenciario\u201d.<\/p>\n<p>&nbsp;<\/p>\n<p><strong>La situaci\u00f3n econ\u00f3mica<\/strong><\/p>\n<p>Por su parte, el ministro de Econom\u00eda, Hugo Ballay, aclar\u00f3 que la decisi\u00f3n de formar un fondo para asistir a los municipios con problemas financieros redund\u00f3 en una mejor situaci\u00f3n para aquellos gobiernos municipales que tuvieron problemas para pagar los sueldos. \u201cPusimos a disposici\u00f3n 150 millones para atender a los municipios que justifiquen la imposibilidad de pagar salarios. No existe ninguna discriminaci\u00f3n pol\u00edtica, al contrario, ayudamos nueve municipios, de los cuales varios son de Cambiemos\u201d, precis\u00f3 Ballay.<\/p>\n<p>En ese contexto, Ballay explic\u00f3: \u201cEl presidente Alberto Fern\u00e1ndez destin\u00f3 120.000 millones de pesos para atender la emergencia. De ese monto 60.000 millones fueron a ATN, de los cuales se distribuyeron 40.000 millones, incluso tomando como par\u00e1metro adicional la cantidad de habitantes, lo que beneficia a las provincias m\u00e1s grandes pero tiene su justificaci\u00f3n en el desarrollo de la pandemia\u201d.<\/p>\n<p>De los otros 60.000 millones que constituyeron un fondo para obras p\u00fablicas, el ministro se\u00f1al\u00f3 que todav\u00eda restan algunas definiciones de parte del gobierno nacional, pero indic\u00f3 que Entre R\u00edos fue la primera provincia en completar la documentaci\u00f3n respectiva. Los intendentes hab\u00edan pedido informaci\u00f3n al respecto. Tambi\u00e9n en ese caso, explic\u00f3, que los fondos se distribuir\u00e1n por el criterio de coparticipaci\u00f3n federal de impuestos y un criterio adicional por poblaci\u00f3n, que terminar\u00e1 favoreciendo a la provincia de Buenos Aires y a la Ciudad Aut\u00f3noma de Buenos Aires. \u201cTambi\u00e9n aqu\u00ed se puede observar que no hay discriminaci\u00f3n pol\u00edtica\u201d, enfatiz\u00f3.<\/p>\n<p>Tambi\u00e9n se abord\u00f3 la situaci\u00f3n de los trabajadores y jubilados provinciales, lo mismo que la de los trabajadores municipales. Ballay confirm\u00f3 en ese sentido que la decisi\u00f3n del gobernador Bordet es garantizar en los primeros d\u00edas del mes el pago del \u201c80 o 90 por ciento de los haberes\u201d para quienes menos perciben, e hizo notar que la Provincia a\u00fan no complet\u00f3 el pago de la totalidad de los haberes de abril, quedando pendiente un saldo para aquellos que perciben m\u00e1s de 155.000 pesos.<\/p>\n<p>&nbsp;<\/p>\n<p><strong>Asistencia social<\/strong><\/p>\n<p>A su turno la titular de Desarrollo Social, Marisa Paira, explic\u00f3 la forma de distribuci\u00f3n de la asistencia social. \u201cHa sido totalmente institucional con las 174 localidades de la provincia. Por ejemplo los m\u00f3dulos (alimentarios) se distribuyeron de acuerdo al criterio de coparticipaci\u00f3n y se incorpor\u00f3 a las Juntas de Gobierno\u201d, precis\u00f3.<\/p>\n<p>Paira indic\u00f3 que se reforzaron los montos de la tarjeta Sidecreer para comedores comunitarios, que se duplic\u00f3 asistencia alimentaria de hogares de adultos mayores, que se aumentaron las partidas para comedores escolares y que esas medidas se trabajaron con las \u00e1reas de Desarrollo Social de todos los municipios. \u201cToda la asistencia se distribuy\u00f3 de manera institucional, lo se\u00f1alo a ra\u00edz de lo que se hab\u00eda planteado en el documento de los intendentes\u201d, remarc\u00f3.<\/p>\n<p>En la extensa enumeraci\u00f3n, tambi\u00e9n remarc\u00f3 la puesta en marcha del Plan Cobijar, que arranc\u00f3 con la distribuci\u00f3n de 6000 frazadas, siguiendo los \u00edndices de coparticipaci\u00f3n a los municipios; la estrategia de asistencia desplegada en los comedores escolares y comunitarios, a trav\u00e9s de la entrega de viandas y de m\u00f3dulos en casos especiales, al igual que el refuerzo del programa Copa de Leche.<\/p>\n<p>&nbsp;<\/p>\n<p><strong>El panorama sanitario<\/strong><\/p>\n<p>En tanto, la titular de Salud, Sonia Vel\u00e1zquez se refiri\u00f3 a \u201cun punto que fue resonante\u201d en el documento de los intendentes, que solicitaba realizar testeos de detecci\u00f3n r\u00e1pida del Covid-19.<\/p>\n<p>La ministra brind\u00f3 una explicaci\u00f3n minuciosa del desarrollo de la situaci\u00f3n sanitaria en la provincia y del trabajo realizado a partir del criterio de caso sospechoso. En ese sentido, advirti\u00f3 que no debe subestimarse la situaci\u00f3n y que circunscribir la pandemia y estrategia sanitaria a los testeos puede ser una forma de hacerlo.<\/p>\n<p>En el mismo sentido describi\u00f3 la forma en que, bajo la gu\u00eda del Instituto Malbr\u00e1n \u201cse cumplieron las condicionalidades cient\u00edficas para poder desarrollar nuestras propias tomas de muestras y procedimientos que se llevan adelante para certificar oficialmente (el contagio), perteneciendo a la red de virolog\u00eda del pa\u00eds\u201d.<\/p>\n<p>\u201cHemos invertido much\u00edsimo en la estrategia de vigilancia epidemiol\u00f3gica\u201d, indic\u00f3 Vel\u00e1zquez en otro p\u00e1rrafo de su intervenci\u00f3n, durante la cual tambi\u00e9n se\u00f1al\u00f3 que la situaci\u00f3n sanitaria actual debe ser responsablemente cuidada por todos para poder preservarla.<\/p>\n","protected":false},"excerpt":{"rendered":"<p>La vicegobernadora Laura Stratta y ministros del gabinete provincial recibieron este mi\u00e9rcoles a los intendentes de Cambiemos, a quienes les brindaron un detalle de las acciones de contenci\u00f3n sanitaria y social, y de obras de infraestructura &nbsp; &nbsp; Adem\u00e1s, se abordaron temas como adicionales al personal esencial que otorg\u00f3 la provincia desde el inicio de la pandemia. Durante el encuentro se destac\u00f3 de \u201cmadurez pol\u00edtica\u201d y los presidentes municipales valoraron el di\u00e1logo con las autoridades provinciales. \u201cCada uno de nosotros, que formamos parte de partidos pol\u00edticos y defendemos la pol\u00edtica&#8230;<\/p>\n","protected":false},"author":3,"featured_media":61689,"comment_status":"closed","ping_status":"closed","sticky":false,"template":"","format":"standard","meta":[],"categories":[9],"tags":[],"_links":{"self":[{"href":"https:\/\/www.actualidadadiario.com\/index.php\/wp-json\/wp\/v2\/posts\/61688"}],"collection":[{"href":"https:\/\/www.actualidadadiario.com\/index.php\/wp-json\/wp\/v2\/posts"}],"about":[{"href":"https:\/\/www.actualidadadiario.com\/index.php\/wp-json\/wp\/v2\/types\/post"}],"author":[{"embeddable":true,"href":"https:\/\/www.actualidadadiario.com\/index.php\/wp-json\/wp\/v2\/users\/3"}],"replies":[{"embeddable":true,"href":"https:\/\/www.actualidadadiario.com\/index.php\/wp-json\/wp\/v2\/comments?post=61688"}],"version-history":[{"count":1,"href":"https:\/\/www.actualidadadiario.com\/index.php\/wp-json\/wp\/v2\/posts\/61688\/revisions"}],"predecessor-version":[{"id":61690,"href":"https:\/\/www.actualidadadiario.com\/index.php\/wp-json\/wp\/v2\/posts\/61688\/revisions\/61690"}],"wp:featuredmedia":[{"embeddable":true,"href":"https:\/\/www.actualidadadiario.com\/index.php\/wp-json\/wp\/v2\/media\/61689"}],"wp:attachment":[{"href":"https:\/\/www.actualidadadiario.com\/index.php\/wp-json\/wp\/v2\/media?parent=61688"}],"wp:term":[{"taxonomy":"category","embeddable":true,"href":"https:\/\/www.actualidadadiario.com\/index.php\/wp-json\/wp\/v2\/categories?post=61688"},{"taxonomy":"post_tag","embeddable":true,"href":"https:\/\/www.actualidadadiario.com\/index.php\/wp-json\/wp\/v2\/tags?post=61688"}],"curies":[{"name":"wp","href":"https:\/\/api.w.org\/{rel}","templated":true}]}}