{"id":61685,"date":"2020-05-21T12:59:42","date_gmt":"2020-05-21T15:59:42","guid":{"rendered":"https:\/\/www.actualidadadiario.com\/?p=61685"},"modified":"2020-05-21T12:59:42","modified_gmt":"2020-05-21T15:59:42","slug":"arranca-un-plan-de-obras-en-toda-la-provincia","status":"publish","type":"post","link":"https:\/\/www.actualidadadiario.com\/index.php\/2020\/05\/21\/arranca-un-plan-de-obras-en-toda-la-provincia\/","title":{"rendered":"Arranca un plan de obras en toda la provincia"},"content":{"rendered":"<p style=\"text-align: center;\"><em><strong>El gobierno provincial pone en marcha un plan de obras de infraestructura y de saneamiento en todo el territorio. El programa fue acordado por el gobernador Gustavo Bordet con el equipo del Ministerio de Planeamiento<\/strong><\/em><\/p>\n<p>&nbsp;<\/p>\n<p>&nbsp;<\/p>\n<p>Al respecto, el ministro de Planeamiento, Marcelo Richard, coment\u00f3 que junto al equipo de la cartera que preside, brind\u00f3 detalles al gobernador Bordet y a la vicegobernadora Laura Stratta del plan de obra previsto desarrollar en los pr\u00f3ximos meses.<\/p>\n<p>&#8220;Se analizaron los programas con financiamiento propio, de Naci\u00f3n e internacional que fueron distribuidos y desarrollados en funci\u00f3n de una planificaci\u00f3n territorial en toda la provincia para definir y priorizar los proyectos que necesita cada localidad. Se apunta a dar inicio y a dinamizar la obra p\u00fablica, y con ello la econom\u00eda provincial&#8221;, explic\u00f3.<\/p>\n<p>Richard detall\u00f3 que lo tratado tuvo que ver con los proyectos a iniciarse y las obras que comenzar\u00e1n pr\u00f3ximamente. En cuanto a las obras en ejecuci\u00f3n, indic\u00f3 que hay algunas con financiamiento a trav\u00e9s del Fondo Fiduciario de Infraestructura Regional y otras que son asumidas con recursos provinciales. &#8220;Est\u00e1n en ejecuci\u00f3n. No se han paralizado y algunas otras que se retomar\u00e1n a partir de los recursos que se disponga desde el Ministerio de Econom\u00eda de la provincia&#8221;, indic\u00f3.<\/p>\n<p>&#8220;El plan que hemos trazado prev\u00e9 obras de infraestructura en materia de agua y saneamiento, como as\u00ed tambi\u00e9n continuar fortaleciendo el sistema sanitario provincial. Adem\u00e1s estamos avanzando con proyectos de infraestructura y conectividad que son centrales para el desarrollo provincial&#8221;, concluy\u00f3 el funcionario.<\/p>\n","protected":false},"excerpt":{"rendered":"<p>El gobierno provincial pone en marcha un plan de obras de infraestructura y de saneamiento en todo el territorio. El programa fue acordado por el gobernador Gustavo Bordet con el equipo del Ministerio de Planeamiento &nbsp; &nbsp; Al respecto, el ministro de Planeamiento, Marcelo Richard, coment\u00f3 que junto al equipo de la cartera que preside, brind\u00f3 detalles al gobernador Bordet y a la vicegobernadora Laura Stratta del plan de obra previsto desarrollar en los pr\u00f3ximos meses. &#8220;Se analizaron los programas con financiamiento propio, de Naci\u00f3n e internacional que fueron distribuidos&#8230;<\/p>\n","protected":false},"author":3,"featured_media":61686,"comment_status":"closed","ping_status":"closed","sticky":false,"template":"","format":"standard","meta":[],"categories":[9],"tags":[],"_links":{"self":[{"href":"https:\/\/www.actualidadadiario.com\/index.php\/wp-json\/wp\/v2\/posts\/61685"}],"collection":[{"href":"https:\/\/www.actualidadadiario.com\/index.php\/wp-json\/wp\/v2\/posts"}],"about":[{"href":"https:\/\/www.actualidadadiario.com\/index.php\/wp-json\/wp\/v2\/types\/post"}],"author":[{"embeddable":true,"href":"https:\/\/www.actualidadadiario.com\/index.php\/wp-json\/wp\/v2\/users\/3"}],"replies":[{"embeddable":true,"href":"https:\/\/www.actualidadadiario.com\/index.php\/wp-json\/wp\/v2\/comments?post=61685"}],"version-history":[{"count":1,"href":"https:\/\/www.actualidadadiario.com\/index.php\/wp-json\/wp\/v2\/posts\/61685\/revisions"}],"predecessor-version":[{"id":61687,"href":"https:\/\/www.actualidadadiario.com\/index.php\/wp-json\/wp\/v2\/posts\/61685\/revisions\/61687"}],"wp:featuredmedia":[{"embeddable":true,"href":"https:\/\/www.actualidadadiario.com\/index.php\/wp-json\/wp\/v2\/media\/61686"}],"wp:attachment":[{"href":"https:\/\/www.actualidadadiario.com\/index.php\/wp-json\/wp\/v2\/media?parent=61685"}],"wp:term":[{"taxonomy":"category","embeddable":true,"href":"https:\/\/www.actualidadadiario.com\/index.php\/wp-json\/wp\/v2\/categories?post=61685"},{"taxonomy":"post_tag","embeddable":true,"href":"https:\/\/www.actualidadadiario.com\/index.php\/wp-json\/wp\/v2\/tags?post=61685"}],"curies":[{"name":"wp","href":"https:\/\/api.w.org\/{rel}","templated":true}]}}