{"id":61663,"date":"2020-05-20T12:34:21","date_gmt":"2020-05-20T15:34:21","guid":{"rendered":"https:\/\/www.actualidadadiario.com\/?p=61663"},"modified":"2020-05-20T12:34:21","modified_gmt":"2020-05-20T15:34:21","slug":"raverta-anticipo-que-trabajan-para-implementar-una-nueva-formula-de-movilidad-jubilatoria","status":"publish","type":"post","link":"https:\/\/www.actualidadadiario.com\/index.php\/2020\/05\/20\/raverta-anticipo-que-trabajan-para-implementar-una-nueva-formula-de-movilidad-jubilatoria\/","title":{"rendered":"Raverta anticip\u00f3 que trabajan para implementar una nueva f\u00f3rmula de movilidad jubilatoria"},"content":{"rendered":"<p style=\"text-align: center;\"><em><strong>La directora de la Administraci\u00f3n Nacional de Servicios Sociales confirm\u00f3 que el c\u00e1lculo podr\u00eda estar vigente en el pr\u00f3ximo trimestre<\/strong><\/em><\/p>\n<p>&nbsp;<\/p>\n<p>&nbsp;<\/p>\n<p>La directora de la Anses, Fernanda Raverta, asegur\u00f3 hoy que &#8220;ning\u00fan jubilado&#8221; ver\u00e1 afectado su poder adquisitivo y asegur\u00f3 que el Gobierno nacional trabaja para poner en marcha una nueva f\u00f3rmula de movilidad que podr\u00eda estar vigente en &#8220;el pr\u00f3ximo trimestre&#8221;.<\/p>\n<p>&#8220;Ning\u00fan jubilado o jubilada va a poder comprar menos de lo que compraba antes. Nuestra idea era poder construir un aumento que permita que quienes perciban el haber m\u00ednimo le puedan ganar a la inflaci\u00f3n, y beneficiar un poco m\u00e1s a la poblaci\u00f3n para que pueda estar mejor con su capacidad de compra&#8221;, detall\u00f3 la titular de la Anses en declaraciones al Destape Radio.<\/p>\n<p>En ese contexto, la funcionaria oriunda de Mar del Plata resalt\u00f3 la decisi\u00f3n de no dar aumentos escalonados esta vez, sino otorgar el mismo porcentaje para todas las categor\u00edas.<\/p>\n<p>&#8220;Por eso lo que hicimos es proponer un aumento del 6,12% para los haberes de los jubilados y jubiladas logrando abarcar a m\u00e1s del 80%, que son los que cobran la m\u00ednima y la media, para que ambos puedan ganarle a la inflaci\u00f3n. Por eso esta vez no fue un aumento escalonado sino uno para todos los jubilados igual&#8221;, indic\u00f3 Raverta.<\/p>\n<p>La titular de la Anses adem\u00e1s aclar\u00f3 que cuando hablan de &#8220;ganarle a la inflaci\u00f3n&#8221; se refieren al &#8220;primer semestre, que tiene una inflaci\u00f3n proyectada al 14,4%&#8221; en &#8220;base a las &#8220;proyecciones que se hicieron con el Indec y espacios privados&#8221;.<\/p>\n<p>En ese sentido, la titular del organismo detall\u00f3 que &#8220;la idea es que entre el aumento anterior y \u00e9ste, los jubilados van a recibir cerca del 20%, por lo tanto el 5,5% que queda de diferencia es lo que les permite ganarle al aumento de precios&#8221;.<\/p>\n<p>Con respecto al contexto en el que se llev\u00f3 a cabo esta decisi\u00f3n, la funcionaria hizo hincapi\u00e9 en &#8220;la complejidad que viven los argentinos&#8221;<\/p>\n<p>&#8220;Estamos en una crisis sanitaria que profundiza una crisis econ\u00f3mica y social que ya tra\u00edamos producto de un modelo econ\u00f3mico que hizo, durante cuatro a\u00f1os, que todo el tiempo las familias argentinas perdieran su capacidad de compra, que se profundiz\u00f3 por una emergencia sanitaria que nadie ten\u00eda en sus planes&#8221;, remarc\u00f3 Raverta en referencia a la gesti\u00f3n de Mauricio Macri.<\/p>\n<p>&#8220;En esa situaci\u00f3n muy compleja el Gobierno, el presidente Alberto Fern\u00e1ndez, decide y toma decisiones en funci\u00f3n de cuidar y proteger a los m\u00e1s vulnerables, en este caso a los jubilados y jubiladas, pensionados y pensionadas, pero tambi\u00e9n a todos aquellos que quedan sujetos a este aumento, porque tambi\u00e9n la asignaci\u00f3n universal por hijo, la asignaci\u00f3n universal por embarazo y las asignaciones familiares est\u00e1n atadas a este \u00edndice&#8221;, aclar\u00f3.<\/p>\n<p>En ese contexto, la funcionaria aclar\u00f3 que al aumento directo que recibir\u00e1n en sus haberes los jubilados habr\u00eda que contemplar adem\u00e1s los &#8220;bonos de $5 mil que les dieron en dos oportunidades, m\u00e1s el de $3 mil en abril, a lo que hay que sumarle el hecho de tener otra vez los medicamentos sin costo y el congelamiento de tarifas&#8221;.<\/p>\n<p>Con respecto a la posibilidad de contar con una nueva f\u00f3rmula de movilidad jubilatoria, teniendo en cuenta que ayer se conform\u00f3 la comisi\u00f3n que va a trabajar al respecto, la funcionaria dijo que el organismo va a estar en ese \u00e1mbito de discusi\u00f3n.<\/p>\n<p>Si bien se esperanz\u00f3 en la posibilidad de poder contar con esa herramienta, Raverta aclar\u00f3 que est\u00e1n &#8220;trabajando en la construcci\u00f3n de una f\u00f3rmula de movilidad, pero que hay que ver en qu\u00e9 condiciones llegamos al pr\u00f3ximo aumento&#8221;.<\/p>\n<p>&#8220;Ah\u00ed est\u00e1 el desaf\u00edo, en construir una respuesta m\u00e1s estructural que se est\u00e1 discutiendo ahora, pero si se prorroga esta situaci\u00f3n quiz\u00e1s no ser\u00e1 para el pr\u00f3ximo trimestre. El desaf\u00edo es ganarle al contexto con inteligencia. Tenemos que poder prever. Transitar este tiempo de complejidad permanente tratando de trazar un horizonte m\u00e1s estructural que de respuesta de otra forma&#8221;, sentenci\u00f3.<\/p>\n","protected":false},"excerpt":{"rendered":"<p>La directora de la Administraci\u00f3n Nacional de Servicios Sociales confirm\u00f3 que el c\u00e1lculo podr\u00eda estar vigente en el pr\u00f3ximo trimestre &nbsp; &nbsp; La directora de la Anses, Fernanda Raverta, asegur\u00f3 hoy que &#8220;ning\u00fan jubilado&#8221; ver\u00e1 afectado su poder adquisitivo y asegur\u00f3 que el Gobierno nacional trabaja para poner en marcha una nueva f\u00f3rmula de movilidad que podr\u00eda estar vigente en &#8220;el pr\u00f3ximo trimestre&#8221;. &#8220;Ning\u00fan jubilado o jubilada va a poder comprar menos de lo que compraba antes. Nuestra idea era poder construir un aumento que permita que quienes perciban el&#8230;<\/p>\n","protected":false},"author":3,"featured_media":61664,"comment_status":"closed","ping_status":"closed","sticky":false,"template":"","format":"standard","meta":[],"categories":[18],"tags":[],"_links":{"self":[{"href":"https:\/\/www.actualidadadiario.com\/index.php\/wp-json\/wp\/v2\/posts\/61663"}],"collection":[{"href":"https:\/\/www.actualidadadiario.com\/index.php\/wp-json\/wp\/v2\/posts"}],"about":[{"href":"https:\/\/www.actualidadadiario.com\/index.php\/wp-json\/wp\/v2\/types\/post"}],"author":[{"embeddable":true,"href":"https:\/\/www.actualidadadiario.com\/index.php\/wp-json\/wp\/v2\/users\/3"}],"replies":[{"embeddable":true,"href":"https:\/\/www.actualidadadiario.com\/index.php\/wp-json\/wp\/v2\/comments?post=61663"}],"version-history":[{"count":1,"href":"https:\/\/www.actualidadadiario.com\/index.php\/wp-json\/wp\/v2\/posts\/61663\/revisions"}],"predecessor-version":[{"id":61665,"href":"https:\/\/www.actualidadadiario.com\/index.php\/wp-json\/wp\/v2\/posts\/61663\/revisions\/61665"}],"wp:featuredmedia":[{"embeddable":true,"href":"https:\/\/www.actualidadadiario.com\/index.php\/wp-json\/wp\/v2\/media\/61664"}],"wp:attachment":[{"href":"https:\/\/www.actualidadadiario.com\/index.php\/wp-json\/wp\/v2\/media?parent=61663"}],"wp:term":[{"taxonomy":"category","embeddable":true,"href":"https:\/\/www.actualidadadiario.com\/index.php\/wp-json\/wp\/v2\/categories?post=61663"},{"taxonomy":"post_tag","embeddable":true,"href":"https:\/\/www.actualidadadiario.com\/index.php\/wp-json\/wp\/v2\/tags?post=61663"}],"curies":[{"name":"wp","href":"https:\/\/api.w.org\/{rel}","templated":true}]}}