{"id":61660,"date":"2020-05-20T12:33:30","date_gmt":"2020-05-20T15:33:30","guid":{"rendered":"https:\/\/www.actualidadadiario.com\/?p=61660"},"modified":"2020-05-20T12:33:30","modified_gmt":"2020-05-20T15:33:30","slug":"el-senado-tiene-listo-el-proyecto-de-exencion-de-ganancias","status":"publish","type":"post","link":"https:\/\/www.actualidadadiario.com\/index.php\/2020\/05\/20\/el-senado-tiene-listo-el-proyecto-de-exencion-de-ganancias\/","title":{"rendered":"El Senado tiene listo el proyecto de exenci\u00f3n de ganancias"},"content":{"rendered":"<p style=\"text-align: center;\"><em><strong>El debate en comisi\u00f3n fue duro pero el Frente de Todos logr\u00f3 emitir dictamen. Alcanza a los trabajadores de la salud y relacionados con el control y prevenci\u00f3n de la pandemia<\/strong><\/em><\/p>\n<p>&nbsp;<\/p>\n<p>&nbsp;<\/p>\n<p>Luego de un duro debate entre el oficialismo y la oposici\u00f3n, los senadores del Frente de Todos lograron el dictamen favorable a la exenci\u00f3n del impuesto a las Ganancias para los trabajadores de actividades esenciales durante la pandemia de la covid-19. El oficialismo apur\u00f3 el tratamiento en la comisi\u00f3n de Presupuesto con el objetivo de transformarla en ley en la sesi\u00f3n remota de este jueves ante a la emergencia. Los senadores de Juntos por el Cambio criticaron tanto la falta de datos sobre el impacto econ\u00f3mico de la norma en medio de la crisis por el coronavirus hasta el funcionamiento telem\u00e1tico de la C\u00e1mara e incluso reclamaron incorporar otras actividades no contempladas en el proyecto. De todas maneras, la oposici\u00f3n respald\u00f3 el dictamen. Eso s\u00ed, algunos lo rubricaron sin cuestionamientos y otros, la mayor\u00eda, los hizo con \u201cdisidencias\u201d.<\/p>\n<p>El presidente de la comisi\u00f3n de Presupuesto, Carlos Caserio (FdT), defendi\u00f3 la iniciativa, que una semana atr\u00e1s fue respaldada por unanimidad en la C\u00e1mara baja. La exenci\u00f3n del impuesto a las Ganancias, alcanza a los haberes percibidos en concepto de guardias obligatorias, horas extras y todo otro concepto que se liquide en forma espec\u00edfica, concerniente al trabajo que exceda las tareas habituales. Un universo que comprende a profesionales, t\u00e9cnicos, auxiliares (incluidos los de gastronom\u00eda, maestranza y limpieza) y personal operativo de los sistemas de salud p\u00fablica y privada; el personal de las Fuerzas Armadas; las fuerzas de seguridad; de la actividad migratoria; de la actividad aduanera; bomberos, y trabajadores de recolecci\u00f3n de residuos domiciliarios o patog\u00e9nicos.<\/p>\n<p>El proyecto tambi\u00e9n establece una pensi\u00f3n graciable y vitalicia para familiares de quienes perdieron la vida en el ejercicio de su actividad profesional como consecuencia de haber sido afectados por el coronavirus.<\/p>\n<p>Tanto Esteban Bullrich (PRO) como Mart\u00edn Lousteau (UCR) fueron los voceros de las cr\u00edticas de JpC. \u201cMe parece que tenemos que traer arriba de la mesa la informaci\u00f3n para tomar decisiones serias y responsables. Obviamente uno quiere apoyar, pero tiene que tener esa informaci\u00f3n; alguien va a tener que dar esa plata; \u00bfVamos a emitir o vamos a sacarla de otro lugar? \u00bfDe d\u00f3nde vamos a sacarla?\u201d, cuestion\u00f3 Bullrich y agreg\u00f3: \u201cTenemos que trabajar con datos ciertos, no como una expresi\u00f3n de deseos, porque no sabemos si vamos a poder pagarlo, porque no sabemos si el sistema tiene sustentabilidad. Ayer discutimos ese tema y hoy le ponemos (al sistema) otra pensi\u00f3n\u201d.<\/p>\n<p>Lousteau dijo que deben ser reconocidos \u201cquienes ponen en riesgo su salud y nos resguardan a todos\u201d pero le reclam\u00f3 al oficialismo que eso se hiciera \u201cde manera rigurosa, para que pueda ser sostenido en el tiempo\u201d. \u201cNo hemos podido sesionar hasta ahora y el mecanismo de sesiones virtuales es engorroso. Ahora, r\u00e1pido y bien no es la misma cosa\u201d, se quej\u00f3. Si bien admiti\u00f3 la necesidad de dar una r\u00e1pida respuesta resalt\u00f3 que \u201cno hemos podido sesionar hasta ahora y el mecanismo de sesiones virtuales es engorroso. Ahora, r\u00e1pido y bien no es la misma cosa\u201d, aclar\u00f3.<\/p>\n<p>No fueron pocos los oficialistas que salieron al cruce de las cr\u00edticas. Pero el m\u00e1s duro fue el propio Caserio. &#8220;El planteo de Bullrich es rid\u00edculo&#8221;, arranc\u00f3 el senador cordob\u00e9s. Luego, dirigi\u00e9ndose tanto a Bullrich como a Lousteau, agreg\u00f3: &#8220;No lo tomen como una ofensa sino como parte de la verdad: ustedes son parte de un gobierno que ha reventado al pa\u00eds, que lo enterr\u00f3 y lo dej\u00f3 en una situaci\u00f3n pat\u00e9tica de pandemia antes de la pandemia&#8221;.<\/p>\n<p>La r\u00e9plica gener\u00f3 otro cruce, cuando Lousteau lo interrumpi\u00f3 en el uso de la palabra. Luego sobrevendr\u00eda un pedido mutuo de disculpas, y una recomendaci\u00f3n del experimentado jefe de la bancada oficialista, Jos\u00e9 Mayans, que pidi\u00f3 que los senadores intervinieran una sola vez &#8220;o no terminamos m\u00e1s\u201d, dijo. El dictamen a favor del proyecto est\u00e1 listo para su tratamiento este jueves en el Senado, en la que ser\u00e1 su segunda sesi\u00f3n remota.<\/p>\n","protected":false},"excerpt":{"rendered":"<p>El debate en comisi\u00f3n fue duro pero el Frente de Todos logr\u00f3 emitir dictamen. Alcanza a los trabajadores de la salud y relacionados con el control y prevenci\u00f3n de la pandemia &nbsp; &nbsp; Luego de un duro debate entre el oficialismo y la oposici\u00f3n, los senadores del Frente de Todos lograron el dictamen favorable a la exenci\u00f3n del impuesto a las Ganancias para los trabajadores de actividades esenciales durante la pandemia de la covid-19. El oficialismo apur\u00f3 el tratamiento en la comisi\u00f3n de Presupuesto con el objetivo de transformarla en&#8230;<\/p>\n","protected":false},"author":3,"featured_media":61661,"comment_status":"closed","ping_status":"closed","sticky":false,"template":"","format":"standard","meta":[],"categories":[18],"tags":[],"_links":{"self":[{"href":"https:\/\/www.actualidadadiario.com\/index.php\/wp-json\/wp\/v2\/posts\/61660"}],"collection":[{"href":"https:\/\/www.actualidadadiario.com\/index.php\/wp-json\/wp\/v2\/posts"}],"about":[{"href":"https:\/\/www.actualidadadiario.com\/index.php\/wp-json\/wp\/v2\/types\/post"}],"author":[{"embeddable":true,"href":"https:\/\/www.actualidadadiario.com\/index.php\/wp-json\/wp\/v2\/users\/3"}],"replies":[{"embeddable":true,"href":"https:\/\/www.actualidadadiario.com\/index.php\/wp-json\/wp\/v2\/comments?post=61660"}],"version-history":[{"count":1,"href":"https:\/\/www.actualidadadiario.com\/index.php\/wp-json\/wp\/v2\/posts\/61660\/revisions"}],"predecessor-version":[{"id":61662,"href":"https:\/\/www.actualidadadiario.com\/index.php\/wp-json\/wp\/v2\/posts\/61660\/revisions\/61662"}],"wp:featuredmedia":[{"embeddable":true,"href":"https:\/\/www.actualidadadiario.com\/index.php\/wp-json\/wp\/v2\/media\/61661"}],"wp:attachment":[{"href":"https:\/\/www.actualidadadiario.com\/index.php\/wp-json\/wp\/v2\/media?parent=61660"}],"wp:term":[{"taxonomy":"category","embeddable":true,"href":"https:\/\/www.actualidadadiario.com\/index.php\/wp-json\/wp\/v2\/categories?post=61660"},{"taxonomy":"post_tag","embeddable":true,"href":"https:\/\/www.actualidadadiario.com\/index.php\/wp-json\/wp\/v2\/tags?post=61660"}],"curies":[{"name":"wp","href":"https:\/\/api.w.org\/{rel}","templated":true}]}}