{"id":61657,"date":"2020-05-20T12:32:39","date_gmt":"2020-05-20T15:32:39","guid":{"rendered":"https:\/\/www.actualidadadiario.com\/?p=61657"},"modified":"2020-05-20T12:32:39","modified_gmt":"2020-05-20T15:32:39","slug":"deuda-se-extendera-el-plazo-de-negociacion-y-esta-encaminado-un-acuerdo-sostenible","status":"publish","type":"post","link":"https:\/\/www.actualidadadiario.com\/index.php\/2020\/05\/20\/deuda-se-extendera-el-plazo-de-negociacion-y-esta-encaminado-un-acuerdo-sostenible\/","title":{"rendered":"Deuda: se extender\u00e1 &#8220;el plazo&#8221; de negociaci\u00f3n y est\u00e1 encaminado &#8220;un acuerdo sostenible&#8221;"},"content":{"rendered":"<p style=\"text-align: center;\"><em><strong>El ministro de Econom\u00eda particip\u00f3 de una videollamada organizada por la C\u00e1mara de Comercio de los Estados Unidos en la Argentina y confirm\u00f3 que las negociaciones seguir\u00e1n luego del viernes, &#8220;deadline&#8221; a la que llam\u00f3 &#8220;anecd\u00f3tica&#8221;. &#8220;Vemos que hay valor en las ofertas (de los bonistas), podemos extender el plazo para un acuerdo\u201d, dijo el funcionario<\/strong><\/em><\/p>\n<p>&nbsp;<\/p>\n<p>&nbsp;<\/p>\n<p>El ministro de Econom\u00eda, Mart\u00edn Guzm\u00e1n, afirm\u00f3 ayer que \u201clas negociaciones continuar\u00e1n\u201d con los acreedores y reconoci\u00f3 que existen \u201cgrandes posibilidades de que el deadline sea extendido\u201d m\u00e1s all\u00e1 del viernes, cuando vence el plazo para que los bonistas privados informen si aceptan la propuesta argentina o se llegue a un acuerdo de renegociaci\u00f3n de la deuda que sea sustentable.<\/p>\n<p>\u201cArgentina es flexible. Los acreedores trabajaron fuerte, les tom\u00f3 tiempo para volver con propuestas\u201d, asegur\u00f3 el funcionario que tiene bajo su mando la importante tarea de reperfilar el pasivo heredado en mayor medida del gobierno de Mauricio Macri, al participar de un encuentro virtual organizado por la C\u00e1mara de Comercio de los Estados Unidos en la Argentina (AmCham), junto a la US Argentina Business Council (U.S. Chamber of Commerce).<\/p>\n<p>Guzm\u00e1n sostuvo que existe una \u201cgran posibilidad\u201d de que el plazo que vence este viernes para alcanzar un acuerdo con los bonistas se extienda y, por eso, se\u00f1al\u00f3 que \u201cel 22 de mayo es ahora una fecha anecd\u00f3tica\u201d.<\/p>\n<p>El encuentro ocurri\u00f3 a pocas horas de cumplirse el plazo legal para que el pa\u00eds evite el default y los bonistas renegocien los t\u00e9rminos de la reestructuraci\u00f3n de la oferta. Luego de las presentaciones con las contraofertas de los grupos privados de los tenedores, con lo que dijo el ministro parece estar todo preparado para extender la negociaci\u00f3n m\u00e1s all\u00e1 del viernes 22, la fecha l\u00edmite.<\/p>\n<p>Al respecto, Guzm\u00e1n confirm\u00f3: \u201cHay una gran chance de que el dealine sea extendido. Las enmiendas (ante la SEC) son necesarias para llegar a un arreglo con los acreedores. El 22 es anecd\u00f3tico. Estamos en medio de una negociaci\u00f3n\u201d.<\/p>\n<p>Guzm\u00e1n reiter\u00f3 que el Gobierno est\u00e1 &#8220;comprometido con una soluci\u00f3n ordenada y que seguir\u00e1 la negociaci\u00f3n\u201d. &#8220;Lo antes que podamos resolverlo, mejor. Necesitamos un acuerdo sostenible. El acuerdo tiene que ser exitoso en darle a Argentina las condiciones para volver a ponerse de pie\u201d, dijo.<\/p>\n<p>\u201cEl acuerdo tiene que ser exitoso para darle a la argentina las condiciones para volverla de pie\u201d, repiti\u00f3 el ministro, y enfatiz\u00f3 que la gesti\u00f3n de Alberto Fern\u00e1ndez ve que &#8220;hay valor en las ofertas&#8221; de los bonistas.<\/p>\n<p>Dijo que estaban \u201ctrabajando duro\u201d, manteniendo un di\u00e1logo \u201cconstructivo\u201d y que necesitaban \u201cprofundizar ese proceso de colaboraci\u00f3n\u201d. Y a\u00f1adi\u00f3: \u201cNo queremos hacer promesas que no podamos cumplir\u201d.<\/p>\n<p>Finalmente, y es un punto de central atenci\u00f3n que queda marcado en el apoyo casi un\u00e1nime que recibi\u00f3 el Gobierno por parte de todo el mundo, Guzm\u00e1n dijo adem\u00e1s que la renegociaci\u00f3n de la deuda argentina ha recibido \u201cmucha atenci\u00f3n\u201d por las implicancias no solo para el pa\u00eds sino para todo el mundo porque en este contexto muchos pa\u00edses pueden vivir una situaci\u00f3n similar.<\/p>\n","protected":false},"excerpt":{"rendered":"<p>El ministro de Econom\u00eda particip\u00f3 de una videollamada organizada por la C\u00e1mara de Comercio de los Estados Unidos en la Argentina y confirm\u00f3 que las negociaciones seguir\u00e1n luego del viernes, &#8220;deadline&#8221; a la que llam\u00f3 &#8220;anecd\u00f3tica&#8221;. &#8220;Vemos que hay valor en las ofertas (de los bonistas), podemos extender el plazo para un acuerdo\u201d, dijo el funcionario &nbsp; &nbsp; El ministro de Econom\u00eda, Mart\u00edn Guzm\u00e1n, afirm\u00f3 ayer que \u201clas negociaciones continuar\u00e1n\u201d con los acreedores y reconoci\u00f3 que existen \u201cgrandes posibilidades de que el deadline sea extendido\u201d m\u00e1s all\u00e1 del viernes, cuando&#8230;<\/p>\n","protected":false},"author":3,"featured_media":61658,"comment_status":"closed","ping_status":"closed","sticky":false,"template":"","format":"standard","meta":[],"categories":[18],"tags":[],"_links":{"self":[{"href":"https:\/\/www.actualidadadiario.com\/index.php\/wp-json\/wp\/v2\/posts\/61657"}],"collection":[{"href":"https:\/\/www.actualidadadiario.com\/index.php\/wp-json\/wp\/v2\/posts"}],"about":[{"href":"https:\/\/www.actualidadadiario.com\/index.php\/wp-json\/wp\/v2\/types\/post"}],"author":[{"embeddable":true,"href":"https:\/\/www.actualidadadiario.com\/index.php\/wp-json\/wp\/v2\/users\/3"}],"replies":[{"embeddable":true,"href":"https:\/\/www.actualidadadiario.com\/index.php\/wp-json\/wp\/v2\/comments?post=61657"}],"version-history":[{"count":1,"href":"https:\/\/www.actualidadadiario.com\/index.php\/wp-json\/wp\/v2\/posts\/61657\/revisions"}],"predecessor-version":[{"id":61659,"href":"https:\/\/www.actualidadadiario.com\/index.php\/wp-json\/wp\/v2\/posts\/61657\/revisions\/61659"}],"wp:featuredmedia":[{"embeddable":true,"href":"https:\/\/www.actualidadadiario.com\/index.php\/wp-json\/wp\/v2\/media\/61658"}],"wp:attachment":[{"href":"https:\/\/www.actualidadadiario.com\/index.php\/wp-json\/wp\/v2\/media?parent=61657"}],"wp:term":[{"taxonomy":"category","embeddable":true,"href":"https:\/\/www.actualidadadiario.com\/index.php\/wp-json\/wp\/v2\/categories?post=61657"},{"taxonomy":"post_tag","embeddable":true,"href":"https:\/\/www.actualidadadiario.com\/index.php\/wp-json\/wp\/v2\/tags?post=61657"}],"curies":[{"name":"wp","href":"https:\/\/api.w.org\/{rel}","templated":true}]}}