{"id":61652,"date":"2020-05-20T12:30:37","date_gmt":"2020-05-20T15:30:37","guid":{"rendered":"https:\/\/www.actualidadadiario.com\/?p=61652"},"modified":"2020-05-20T12:30:37","modified_gmt":"2020-05-20T15:30:37","slug":"piden-juicio-politico-para-el-fiscal-stornelli","status":"publish","type":"post","link":"https:\/\/www.actualidadadiario.com\/index.php\/2020\/05\/20\/piden-juicio-politico-para-el-fiscal-stornelli\/","title":{"rendered":"Piden juicio pol\u00edtico para el fiscal Stornelli"},"content":{"rendered":"<p style=\"text-align: center;\"><em><strong>El senador del Frente de Todos, Oscar Parrilli, elev\u00f3 el pedido a la Procuraci\u00f3n General de la Naci\u00f3n para que se investigue a Stornelli y Kollmann por &#8220;mal desempe\u00f1o&#8221; y persecuci\u00f3n a dirigentes opositores durante el gobierno de Mauricio Macri<\/strong><\/em><\/p>\n<p>&nbsp;<\/p>\n<p>&nbsp;<\/p>\n<p>El senador del Frente de Todos, Oscar Parrilli, solicit\u00f3 este martes ante la Procuraci\u00f3n General de la Naci\u00f3n que se inicie juicio pol\u00edtico al fiscal Carlos Sotrnelli y al defensor oficial Gustavo Kollmann y, en caso de ser hallados culpables, se los remueva por \u201cmal desempe\u00f1o\u201d y persecuci\u00f3n a dirigentes opositores durante el pasado gobierno del presidente Mauricio Macri.<\/p>\n<p>Los pedidos fueron presentados ante el Procurador General de la Naci\u00f3n interino, Eduardo Casal (en el caso de Stornelli); y la Defensora General de la Naci\u00f3n, Stella Maris Mart\u00ednez (por Gustavo Kollmann).<\/p>\n<p>Parrilli consider\u00f3 que durante el pasado gobierno se llev\u00f3 a cabo una \u201cpersecuci\u00f3n\u201d contra la expresidenta Cristina Fern\u00e1ndez de Kirchner y otros dirigentes del kirchnerismo y que \u00e9sta fue posible gracias a \u201cla invalorable colaboraci\u00f3n de la C\u00e1mara Federal porte\u00f1a (sala 1), con dos jueces ap\u00f3crifos, trasplantados y serviles a los intereses de la mafia enquistada desde diciembre de 2015 hasta el 9 de diciembre de 2019\u201d.<\/p>\n<p>Adem\u00e1s, agreg\u00f3 que tambi\u00e9n fueron parte \u201cdos jueces de la C\u00e1mara Federal de Casaci\u00f3n Penal, Diego Barroetave\u00f1a y (Daniel) Petrone, con la sola excepci\u00f3n de la Dra. Ana Mar\u00eda Figueroa, quien en soledad document\u00f3 en sus votos las sistem\u00e1ticas violaciones a los derechos b\u00e1sicos que se perpetraron en este p\u00fatrido expediente\u201d.<\/p>\n<p>El escrito presentado por el senador oficialista cuestiona el accionar de Stornelli en la denominada \u201ccausa de los cuadernos\u201d con la que se puso en marcha \u201cun sistema de persecuci\u00f3n judicial\u201d ideado por \u201cel gobierno del expresidente Mauricio Macri, con \u00e9l como su principal responsable\u201d, que estuvo \u201cauxiliado con la complicidad activa y pasiva de distintos exponentes del Poder Judicial y del Ministerio P\u00fablico de la Defensa y Fiscal\u201d.<\/p>\n<p>Para el denunciante, detr\u00e1s de esta persecuci\u00f3n se escond\u00eda \u201ccomo principal objetivo, la descalificaci\u00f3n personal y pol\u00edtica\u201d de Cristina Fern\u00e1ndez de Kirchner \u201cy de sus funcionarios m\u00e1s cercanos del gobierno\u201d.<\/p>\n<p>Por \u00faltimo, Parrilli le pidi\u00f3 al Procurador Casal que se excuse de intervenir en el proceso de remoci\u00f3n, al considerar que tuvo una actitud \u201cencubridora\u201d de Stornelli por la que \u201cdeber\u00e1 responder oportunamente&#8221; y dej\u00f3 asentada su recusaci\u00f3n si interviene en el proceso.<\/p>\n","protected":false},"excerpt":{"rendered":"<p>El senador del Frente de Todos, Oscar Parrilli, elev\u00f3 el pedido a la Procuraci\u00f3n General de la Naci\u00f3n para que se investigue a Stornelli y Kollmann por &#8220;mal desempe\u00f1o&#8221; y persecuci\u00f3n a dirigentes opositores durante el gobierno de Mauricio Macri &nbsp; &nbsp; El senador del Frente de Todos, Oscar Parrilli, solicit\u00f3 este martes ante la Procuraci\u00f3n General de la Naci\u00f3n que se inicie juicio pol\u00edtico al fiscal Carlos Sotrnelli y al defensor oficial Gustavo Kollmann y, en caso de ser hallados culpables, se los remueva por \u201cmal desempe\u00f1o\u201d y persecuci\u00f3n&#8230;<\/p>\n","protected":false},"author":3,"featured_media":53980,"comment_status":"closed","ping_status":"closed","sticky":false,"template":"","format":"standard","meta":[],"categories":[18],"tags":[],"_links":{"self":[{"href":"https:\/\/www.actualidadadiario.com\/index.php\/wp-json\/wp\/v2\/posts\/61652"}],"collection":[{"href":"https:\/\/www.actualidadadiario.com\/index.php\/wp-json\/wp\/v2\/posts"}],"about":[{"href":"https:\/\/www.actualidadadiario.com\/index.php\/wp-json\/wp\/v2\/types\/post"}],"author":[{"embeddable":true,"href":"https:\/\/www.actualidadadiario.com\/index.php\/wp-json\/wp\/v2\/users\/3"}],"replies":[{"embeddable":true,"href":"https:\/\/www.actualidadadiario.com\/index.php\/wp-json\/wp\/v2\/comments?post=61652"}],"version-history":[{"count":1,"href":"https:\/\/www.actualidadadiario.com\/index.php\/wp-json\/wp\/v2\/posts\/61652\/revisions"}],"predecessor-version":[{"id":61653,"href":"https:\/\/www.actualidadadiario.com\/index.php\/wp-json\/wp\/v2\/posts\/61652\/revisions\/61653"}],"wp:featuredmedia":[{"embeddable":true,"href":"https:\/\/www.actualidadadiario.com\/index.php\/wp-json\/wp\/v2\/media\/53980"}],"wp:attachment":[{"href":"https:\/\/www.actualidadadiario.com\/index.php\/wp-json\/wp\/v2\/media?parent=61652"}],"wp:term":[{"taxonomy":"category","embeddable":true,"href":"https:\/\/www.actualidadadiario.com\/index.php\/wp-json\/wp\/v2\/categories?post=61652"},{"taxonomy":"post_tag","embeddable":true,"href":"https:\/\/www.actualidadadiario.com\/index.php\/wp-json\/wp\/v2\/tags?post=61652"}],"curies":[{"name":"wp","href":"https:\/\/api.w.org\/{rel}","templated":true}]}}