{"id":61650,"date":"2020-05-20T12:29:48","date_gmt":"2020-05-20T15:29:48","guid":{"rendered":"https:\/\/www.actualidadadiario.com\/?p=61650"},"modified":"2020-05-20T12:29:48","modified_gmt":"2020-05-20T15:29:48","slug":"katopodis-ninguna-presion-economica-va-a-poner-en-peligro-todo-el-esfuerzo","status":"publish","type":"post","link":"https:\/\/www.actualidadadiario.com\/index.php\/2020\/05\/20\/katopodis-ninguna-presion-economica-va-a-poner-en-peligro-todo-el-esfuerzo\/","title":{"rendered":"Katopodis: &#8220;Ninguna presi\u00f3n econ\u00f3mica va a poner en peligro todo el esfuerzo&#8221;"},"content":{"rendered":"<p style=\"text-align: center;\"><em><strong>Adem\u00e1s, el ministro de Obras P\u00fablicas se\u00f1alo que cualquier reapertura de actividades &#8220;tendr\u00e1 que ser ordenada, gradual y secuencial&#8221; y enfatiz\u00f3 que &#8220;cualquier desaf\u00edo en lo laboral y productivo lo vamos a hacer si logramos cuidar la salud de los argentinos&#8221;<\/strong><\/em><\/p>\n<p>&nbsp;<\/p>\n<p>&nbsp;<\/p>\n<p>El ministro de Obras P\u00fablicas, Gabriel Katopodis, advirti\u00f3 este martes que &#8220;ninguna presi\u00f3n econ\u00f3mica va a poner en peligro y en riesgo todo el esfuerzo que vienen haciendo los argentinos&#8221; para contener el avance del coronavirus y sentenci\u00f3 que &#8220;si hay un colapso sanitario, va a haber un colapso econ\u00f3mico&#8221;, al reivindicar las medidas de aislamiento social.<\/p>\n<p>Durante una recorrida por el hospital modular de Florencio Varela, Katopodis se\u00f1al\u00f3 que cualquier reapertura de actividades &#8220;tendr\u00e1 que ser ordenada, gradual y secuencial&#8221; y enfatiz\u00f3 que &#8220;cualquier desaf\u00edo en lo laboral y productivo lo vamos a hacer si logramos cuidar la salud de los argentinos&#8221;.<\/p>\n<p>Asimismo, sostuvo que &#8220;no hay islas&#8221; y que se debe trabajar de forma coordinada entre el Gobierno Nacional y las otras jurisdicciones.<\/p>\n<p>&#8220;Est\u00e1 claro que no hay islas y que tenemos que pensar en municipios y ciudades, \u00e1reas metropolitanas que los dividen una calle. Todas las medidas tienen que ser resueltas en un \u00e1mbito de mucha coordinaci\u00f3n y est\u00e1 claro que todos estamos trabajando para lo mismo&#8221;, sostuvo el ministro en di\u00e1logo con la prensa al t\u00e9rmino de la recorrida.<\/p>\n<p>Katopodis estuvo acompa\u00f1ado en la visita por el intendente Andr\u00e9s Watson; el secretario de Obras P\u00fablicas, Mart\u00edn Gill, y el secretario de Calidad en Salud del Ministerio de Salud, Arnaldo Medina.<\/p>\n<p>&#8220;Todos estamos trabajando para lo mismo, porque esta emergencia nos exige de mayor coordinaci\u00f3n, tener una hoja de ruta lo m\u00e1s clara posible entre todos los dirigentes pol\u00edticos porque estamos todos con la misma tarea. Descontamos que este es el camino que nos dio buenos resultados, por lo cual hay que mantener este rumbo&#8221;, consider\u00f3.<\/p>\n<p>En ese sentido, destac\u00f3 el rumbo elegido por el presidente Alberto Fern\u00e1ndez para hacerle frente al avance del coronavirus, al se\u00f1alar que hay pa\u00edses que &#8220;tomaron otras decisiones y los resultados han sido mucho m\u00e1s dolorosos&#8221;<\/p>\n<p>&#8220;El Presidente lo que est\u00e1 planteando es &#8216;vamos a reactivar la econom\u00eda, vamos a reconstruir el tejido de la mediana empresa de todo el pa\u00eds, vamos a poner en marcha la obra p\u00fablica, pero lo vamos a hacer a partir de que podamos transitar este momento de emergencia sanitaria de la manera m\u00e1s firme y m\u00e1s segura'&#8221;, indic\u00f3.<\/p>\n<p>Katopodis tambi\u00e9n ponder\u00f3 que los hospitales modulares construidos por la Naci\u00f3n &#8220;se hicieron de manera transparente y cumpliendo todas las normas de integridad&#8221; y &#8220;aun cuando pudimos haber hecho una contrataci\u00f3n directa, decidimos hacer una licitaci\u00f3n que cumpli\u00f3 todos los est\u00e1ndares internacionales&#8221;.<\/p>\n<p>Medina, del Ministerio de Salud, destac\u00f3 el incremento de camas de terapia de intensiva desde la aparici\u00f3n de la pandemia, al se\u00f1alar que desde la llegada del virus al pa\u00eds hasta ahora se ha pasado de 8.400 camas a 10.500.<\/p>\n<p>&#8220;Esto es gracias al tiempo que nos ha dado el aislamiento social, preventivo y obligatorio. Que entre otras cosas nos ha permitido prepararnos mejor en el sistema de salud y lograr estos edificios y construcciones y tambi\u00e9n aumentar el n\u00famero de camas en los hospitales que ya existen en el sector privado&#8221;, a\u00f1adi\u00f3.<\/p>\n<p>Enfatiz\u00f3 que, m\u00e1s all\u00e1 de la construcci\u00f3n de los hospitales modulares, se seguir\u00e1 &#8220;aumentando el n\u00famero de camas&#8221; y que hoy el sistema de salud argentino tiene &#8220;23 camas por cien mil habitantes&#8221; cuando antes era de 19 cada cien mil argentinos.<\/p>\n<p>&#8220;Es un n\u00famero de camas superior a muchos pa\u00edses europeos hoy afectados por la pandemia. Estamos lejos en los primeros lugares de Am\u00e9rica Latina&#8221;, enfatiz\u00f3 el funcionario de la cartera de Gin\u00e9s Gonz\u00e1lez Garc\u00eda, quien acompa\u00f1\u00f3 a Katopodis en la actividad.<\/p>\n<p>Frente a la Emergencia Sanitaria decretada por el Gobierno Nacional para contener la pandemia, el Ministerio de Obras P\u00fablicas finaliz\u00f3 la obra civil de los nuevos 12 Hospitales Modulares de Emergencia y ahora avanza con el equipamiento sanitario.<\/p>\n<p>Esos 12 hospitales se encuentran en Florencio Varela, Quilmes, Tres de Febrero, Hurlingham, Moreno, Lomas de Zamora, Almirante Brown, General Rodr\u00edguez, Mar del Plata, Resistencia (Chaco), Gran C\u00f3rdoba y Granadero Baigorria (Santa Fe).<\/p>\n<p>Son m\u00f3dulos de construcci\u00f3n r\u00e1pida de 1.000 metros cuadrados, escalables (es decir que pueden ser ampliados con facilidad en caso de ser necesario), a trav\u00e9s de la metodolog\u00eda de la construcci\u00f3n en seco, lo que permiti\u00f3 su realizaci\u00f3n de manera simult\u00e1nea en turnos rotativos de 24 horas.<\/p>\n<p>Funcionar\u00e1n las 24 horas, contar\u00e1n con un equipo de 100 trabajadores y trabajadoras de la salud por cada hospital y una vez que finalice la pandemia quedar\u00e1n para la comunidad.<\/p>\n","protected":false},"excerpt":{"rendered":"<p>Adem\u00e1s, el ministro de Obras P\u00fablicas se\u00f1alo que cualquier reapertura de actividades &#8220;tendr\u00e1 que ser ordenada, gradual y secuencial&#8221; y enfatiz\u00f3 que &#8220;cualquier desaf\u00edo en lo laboral y productivo lo vamos a hacer si logramos cuidar la salud de los argentinos&#8221; &nbsp; &nbsp; El ministro de Obras P\u00fablicas, Gabriel Katopodis, advirti\u00f3 este martes que &#8220;ninguna presi\u00f3n econ\u00f3mica va a poner en peligro y en riesgo todo el esfuerzo que vienen haciendo los argentinos&#8221; para contener el avance del coronavirus y sentenci\u00f3 que &#8220;si hay un colapso sanitario, va a haber&#8230;<\/p>\n","protected":false},"author":3,"featured_media":60397,"comment_status":"closed","ping_status":"closed","sticky":false,"template":"","format":"standard","meta":[],"categories":[18],"tags":[],"_links":{"self":[{"href":"https:\/\/www.actualidadadiario.com\/index.php\/wp-json\/wp\/v2\/posts\/61650"}],"collection":[{"href":"https:\/\/www.actualidadadiario.com\/index.php\/wp-json\/wp\/v2\/posts"}],"about":[{"href":"https:\/\/www.actualidadadiario.com\/index.php\/wp-json\/wp\/v2\/types\/post"}],"author":[{"embeddable":true,"href":"https:\/\/www.actualidadadiario.com\/index.php\/wp-json\/wp\/v2\/users\/3"}],"replies":[{"embeddable":true,"href":"https:\/\/www.actualidadadiario.com\/index.php\/wp-json\/wp\/v2\/comments?post=61650"}],"version-history":[{"count":1,"href":"https:\/\/www.actualidadadiario.com\/index.php\/wp-json\/wp\/v2\/posts\/61650\/revisions"}],"predecessor-version":[{"id":61651,"href":"https:\/\/www.actualidadadiario.com\/index.php\/wp-json\/wp\/v2\/posts\/61650\/revisions\/61651"}],"wp:featuredmedia":[{"embeddable":true,"href":"https:\/\/www.actualidadadiario.com\/index.php\/wp-json\/wp\/v2\/media\/60397"}],"wp:attachment":[{"href":"https:\/\/www.actualidadadiario.com\/index.php\/wp-json\/wp\/v2\/media?parent=61650"}],"wp:term":[{"taxonomy":"category","embeddable":true,"href":"https:\/\/www.actualidadadiario.com\/index.php\/wp-json\/wp\/v2\/categories?post=61650"},{"taxonomy":"post_tag","embeddable":true,"href":"https:\/\/www.actualidadadiario.com\/index.php\/wp-json\/wp\/v2\/tags?post=61650"}],"curies":[{"name":"wp","href":"https:\/\/api.w.org\/{rel}","templated":true}]}}