{"id":61648,"date":"2020-05-20T12:28:59","date_gmt":"2020-05-20T15:28:59","guid":{"rendered":"https:\/\/www.actualidadadiario.com\/?p=61648"},"modified":"2020-05-20T12:28:59","modified_gmt":"2020-05-20T15:28:59","slug":"el-gobierno-evalua-extender-la-cuarentena-hasta-el-8-de-junio","status":"publish","type":"post","link":"https:\/\/www.actualidadadiario.com\/index.php\/2020\/05\/20\/el-gobierno-evalua-extender-la-cuarentena-hasta-el-8-de-junio\/","title":{"rendered":"El Gobierno eval\u00faa extender la cuarentena hasta el 8 de junio"},"content":{"rendered":"<p style=\"text-align: center;\"><em><strong>La cifra de contagios por coronavirus marc\u00f3 este martes un nuevo r\u00e9cord. En la Casa Rosada ultiman detalles del borrador que le permitir\u00e1 anunciar una nueva extensi\u00f3n del aislamiento obligatorio por coronavirus<\/strong><\/em><\/p>\n<p>&nbsp;<\/p>\n<p>&nbsp;<\/p>\n<p>A\u00fan resta saber si ser\u00e1 este viernes o s\u00e1bado, pero fuentes cercanas al presidente Alberto Fern\u00e1ndez aseguraron no tener dudas: la cuarentena se extiende hasta el 8 de junio. La aceleraci\u00f3n en la curva de contagios y la marcha atr\u00e1s de algunas ciudades del interior del pa\u00eds con la reinstalaci\u00f3n de las medidas estrictas gana terreno en medio de los balances epidemiol\u00f3gicos.<\/p>\n<p>&#8220;Estamos ante algo desconocido, y a\u00fan no hemos ganado nada&#8221;, fue una de las frases que desliz\u00f3 el mandatario este martes durante la visita a la planta de Volkswagen en Pacheco. M\u00e1s tarde, la contundencia en el mensaje de Axel Kicillof terminar\u00eda por confirmar lo que se efectivizar\u00e1 este fin de semana: \u201cMuchos piden volver a la normalidad pero no se puede, es un suicidio colectivo\u201d, enfatiz\u00f3 el gobernador bonaerense.<\/p>\n<p>Con el foco en el AMBA, la aceleraci\u00f3n en la curva de contagio pone en alerta a la estrategia de la Casa Rosada frente al Covid-19. Si bien se prev\u00eda un aumento exponencial durante la \u00faltima semana de mayo y las primeras de junio, el porcentaje de contagios diarios llama la atenci\u00f3n. En tanto, la disputa entre el cord\u00f3n que rodea a la Ciudad de Buenos Aires, el epicentro a nivel nacional con 4130 casos positivos y los partidos linderos tambi\u00e9n gana protagonismo.<\/p>\n<p>La Ciudad de Buenos Aires muestra un panorama un tanto particular. Si bien el porcentaje de testeos es mayor, el resultado tambi\u00e9n lo es, lo cual marca una primera diferencia entre la Provincia. Adem\u00e1s, el impacto en los barrios populares que tuvo su semana m\u00e1s compleja a partir de la muerte de la dirigente social Ramona Medina en el barrio Mugica (ex Villa 31) de Retiro, hizo tambalear la estrategia porte\u00f1a. En el \u00faltimo informe matutino, el ministro de Salud de la Ciudad, Fern\u00e1n Quiros, adelant\u00f3 que &#8220;el jueves evaluar\u00e1 c\u00f3mo se continuar\u00e1 con la cuarentena&#8221;.<\/p>\n<p>Mientras tanto, y a modo de anticipo, los ensayos en los viajes en transporte p\u00fablico, el bloqueo de la SUBE para uso \u00fanico de trabajadores esenciales que va tomando forma, y un mayor despliegue en el control, dan cuenta de un &#8220;cerrojo sanitario&#8221;.<\/p>\n<p>&nbsp;<\/p>\n<p><strong>C\u00f3rdoba, un espejo que puede anticipar el destino de la Ciudad de Buenos Aires<\/strong><\/p>\n<p>Una de las ciudades en donde las autoridades locales han reinstaurado la cuarentena estricta es la ciudad de C\u00f3rdoba. El Centro de Operaciones de Emergencias (COE) dio marcha atr\u00e1s con la flexibilizaci\u00f3n en base a los \u00faltimos registros elaborados por el Ministerio de Salud provincial, donde no s\u00f3lo dieron cuenta del aumento, sino que tambi\u00e9n se identificaron las zonas calientes dentro del conglomerado. El Mercado Norte y el Hospital Italiano sumaron el 30% de los 55 casos que aglutin\u00f3 la ciudad en las \u00faltimas 72 horas.<\/p>\n<p>&nbsp;<\/p>\n<p><strong>La variable opini\u00f3n p\u00fablica: qu\u00e9 dicen las encuestas ante una nueva extensi\u00f3n de cuarentena por coronavirus<\/strong><\/p>\n<p>Uno de los indicadores que empieza a observar el presidente Alberto Fern\u00e1ndez es la imagen positiva. Si bien es cierto que retrocedi\u00f3 del casi 90% en el nivel de aprobaci\u00f3n al inicio del confinamiento, el pasado 20 de marzo, la ca\u00edda no es alarmante.<\/p>\n<p>As\u00ed lo demuestra el estudio sobre &#8220;Salud mental en cuarentena&#8221;, elaborado por el &#8220;Observatorio de Psicolog\u00eda Social Aplicada&#8221; de la Universidad de Buenos Aires, que ya deja ver algunos cambios que el Gobierno empieza a perfilar:<\/p>\n<ul>\n<li>El impacto psicol\u00f3gico de la cuarentena es altamente relevante y debe considerarse junto a otros aspectos sanitarios en la implementaci\u00f3n de la cuarentena.<\/li>\n<li>La mayor duraci\u00f3n de la cuarentena se correlaciona con mayor impacto psicol\u00f3gico negativo en casi todos los indicadores.<\/li>\n<li>El estudio del estado de salud mental durante la cuarentena obligatoria es cr\u00edtico para dise\u00f1ar intervenciones psicol\u00f3gicas adecuadas.<\/li>\n<li>El estudio de intervenciones psicol\u00f3gicas eficaces, efectivas y eficientes es una prioridad de salud mental.<\/li>\n<li>El acceso de la poblaci\u00f3n a la atenci\u00f3n de salud mental es crucial para atenuar el impacto psicol\u00f3gico de la cuarentena obligatoria y prevenir sus secuelas.<\/li>\n<\/ul>\n","protected":false},"excerpt":{"rendered":"<p>La cifra de contagios por coronavirus marc\u00f3 este martes un nuevo r\u00e9cord. En la Casa Rosada ultiman detalles del borrador que le permitir\u00e1 anunciar una nueva extensi\u00f3n del aislamiento obligatorio por coronavirus &nbsp; &nbsp; A\u00fan resta saber si ser\u00e1 este viernes o s\u00e1bado, pero fuentes cercanas al presidente Alberto Fern\u00e1ndez aseguraron no tener dudas: la cuarentena se extiende hasta el 8 de junio. La aceleraci\u00f3n en la curva de contagios y la marcha atr\u00e1s de algunas ciudades del interior del pa\u00eds con la reinstalaci\u00f3n de las medidas estrictas gana terreno&#8230;<\/p>\n","protected":false},"author":3,"featured_media":59586,"comment_status":"closed","ping_status":"closed","sticky":false,"template":"","format":"standard","meta":[],"categories":[9],"tags":[],"_links":{"self":[{"href":"https:\/\/www.actualidadadiario.com\/index.php\/wp-json\/wp\/v2\/posts\/61648"}],"collection":[{"href":"https:\/\/www.actualidadadiario.com\/index.php\/wp-json\/wp\/v2\/posts"}],"about":[{"href":"https:\/\/www.actualidadadiario.com\/index.php\/wp-json\/wp\/v2\/types\/post"}],"author":[{"embeddable":true,"href":"https:\/\/www.actualidadadiario.com\/index.php\/wp-json\/wp\/v2\/users\/3"}],"replies":[{"embeddable":true,"href":"https:\/\/www.actualidadadiario.com\/index.php\/wp-json\/wp\/v2\/comments?post=61648"}],"version-history":[{"count":1,"href":"https:\/\/www.actualidadadiario.com\/index.php\/wp-json\/wp\/v2\/posts\/61648\/revisions"}],"predecessor-version":[{"id":61649,"href":"https:\/\/www.actualidadadiario.com\/index.php\/wp-json\/wp\/v2\/posts\/61648\/revisions\/61649"}],"wp:featuredmedia":[{"embeddable":true,"href":"https:\/\/www.actualidadadiario.com\/index.php\/wp-json\/wp\/v2\/media\/59586"}],"wp:attachment":[{"href":"https:\/\/www.actualidadadiario.com\/index.php\/wp-json\/wp\/v2\/media?parent=61648"}],"wp:term":[{"taxonomy":"category","embeddable":true,"href":"https:\/\/www.actualidadadiario.com\/index.php\/wp-json\/wp\/v2\/categories?post=61648"},{"taxonomy":"post_tag","embeddable":true,"href":"https:\/\/www.actualidadadiario.com\/index.php\/wp-json\/wp\/v2\/tags?post=61648"}],"curies":[{"name":"wp","href":"https:\/\/api.w.org\/{rel}","templated":true}]}}