{"id":61645,"date":"2020-05-20T12:26:25","date_gmt":"2020-05-20T15:26:25","guid":{"rendered":"https:\/\/www.actualidadadiario.com\/?p=61645"},"modified":"2020-05-20T12:26:25","modified_gmt":"2020-05-20T15:26:25","slug":"alberto-sale-a-recorrer-el-pais-antes-de-extender-el-aislamiento-obligatorio","status":"publish","type":"post","link":"https:\/\/www.actualidadadiario.com\/index.php\/2020\/05\/20\/alberto-sale-a-recorrer-el-pais-antes-de-extender-el-aislamiento-obligatorio\/","title":{"rendered":"Alberto sale a recorrer el pa\u00eds antes de extender el aislamiento obligatorio"},"content":{"rendered":"<p style=\"text-align: center;\"><em><strong>El Presidente viajar\u00e1 a Tucum\u00e1n y Santiago del Estero en plena emergencia sanitaria. Ser\u00e1 la primera visita al interior del pa\u00eds desde que comenz\u00f3 la cuarentena<\/strong><\/em><\/p>\n<p>&nbsp;<\/p>\n<p>&nbsp;<\/p>\n<p>Mientras se prepara para anunciar una nueva extensi\u00f3n de la cuarentena, el presidente Alberto Fern\u00e1ndez volver\u00e1 a visitar el interior del pa\u00eds por primera vez tras el inicio de la emergencia sanitaria y viajar\u00e1 este jueves a Tucum\u00e1n y Santiago del Estero.<\/p>\n<p>&#8220;Como siempre, ser\u00e1 un orgullo recibirlo en nuestra provincia, una de las primeras que visit\u00f3 como mandatario reci\u00e9n electo de todos los argentinos&#8221;, asegur\u00f3 el gobernador de Tucum\u00e1n, Juan Manzur, en su cuenta de la red social Twitter.<\/p>\n<p>Se espera que el jefe de Estado encabece la firma del inicio de obras h\u00eddricas y cloacales.<\/p>\n<p>Alberto Fern\u00e1ndez tambi\u00e9n estar\u00e1 el mismo d\u00eda en Santiago del Estero, donde ser\u00e1 recibido por el mandatario local, Gerardo Zamora, con quien recorrer\u00e1 emprendimientos productivos y obras.<\/p>\n<p>Ser\u00e1 la primera vez que el mandatario nacional salga de la Quinta de Olivos para visitar el interior del pa\u00eds luego de que el 20 de marzo se decretara la cuarentena obligatoria.<\/p>\n<p>El viaje del Presidente se dar\u00e1 d\u00edas antes del anuncio de una nueva extensi\u00f3n de la cuarentena, que podr\u00eda ser el viernes o el s\u00e1bado.<\/p>\n","protected":false},"excerpt":{"rendered":"<p>El Presidente viajar\u00e1 a Tucum\u00e1n y Santiago del Estero en plena emergencia sanitaria. Ser\u00e1 la primera visita al interior del pa\u00eds desde que comenz\u00f3 la cuarentena &nbsp; &nbsp; Mientras se prepara para anunciar una nueva extensi\u00f3n de la cuarentena, el presidente Alberto Fern\u00e1ndez volver\u00e1 a visitar el interior del pa\u00eds por primera vez tras el inicio de la emergencia sanitaria y viajar\u00e1 este jueves a Tucum\u00e1n y Santiago del Estero. &#8220;Como siempre, ser\u00e1 un orgullo recibirlo en nuestra provincia, una de las primeras que visit\u00f3 como mandatario reci\u00e9n electo de&#8230;<\/p>\n","protected":false},"author":3,"featured_media":61646,"comment_status":"closed","ping_status":"closed","sticky":false,"template":"","format":"standard","meta":[],"categories":[9],"tags":[],"_links":{"self":[{"href":"https:\/\/www.actualidadadiario.com\/index.php\/wp-json\/wp\/v2\/posts\/61645"}],"collection":[{"href":"https:\/\/www.actualidadadiario.com\/index.php\/wp-json\/wp\/v2\/posts"}],"about":[{"href":"https:\/\/www.actualidadadiario.com\/index.php\/wp-json\/wp\/v2\/types\/post"}],"author":[{"embeddable":true,"href":"https:\/\/www.actualidadadiario.com\/index.php\/wp-json\/wp\/v2\/users\/3"}],"replies":[{"embeddable":true,"href":"https:\/\/www.actualidadadiario.com\/index.php\/wp-json\/wp\/v2\/comments?post=61645"}],"version-history":[{"count":1,"href":"https:\/\/www.actualidadadiario.com\/index.php\/wp-json\/wp\/v2\/posts\/61645\/revisions"}],"predecessor-version":[{"id":61647,"href":"https:\/\/www.actualidadadiario.com\/index.php\/wp-json\/wp\/v2\/posts\/61645\/revisions\/61647"}],"wp:featuredmedia":[{"embeddable":true,"href":"https:\/\/www.actualidadadiario.com\/index.php\/wp-json\/wp\/v2\/media\/61646"}],"wp:attachment":[{"href":"https:\/\/www.actualidadadiario.com\/index.php\/wp-json\/wp\/v2\/media?parent=61645"}],"wp:term":[{"taxonomy":"category","embeddable":true,"href":"https:\/\/www.actualidadadiario.com\/index.php\/wp-json\/wp\/v2\/categories?post=61645"},{"taxonomy":"post_tag","embeddable":true,"href":"https:\/\/www.actualidadadiario.com\/index.php\/wp-json\/wp\/v2\/tags?post=61645"}],"curies":[{"name":"wp","href":"https:\/\/api.w.org\/{rel}","templated":true}]}}