{"id":61640,"date":"2020-05-20T12:24:57","date_gmt":"2020-05-20T15:24:57","guid":{"rendered":"https:\/\/www.actualidadadiario.com\/?p=61640"},"modified":"2020-05-20T12:24:57","modified_gmt":"2020-05-20T15:24:57","slug":"alerta-en-provincias-elevan-controles-para-evitar-marcha-atras-como-la-de-cordoba","status":"publish","type":"post","link":"https:\/\/www.actualidadadiario.com\/index.php\/2020\/05\/20\/alerta-en-provincias-elevan-controles-para-evitar-marcha-atras-como-la-de-cordoba\/","title":{"rendered":"Alerta en provincias: elevan controles para evitar marcha atr\u00e1s como la de C\u00f3rdoba"},"content":{"rendered":"<p style=\"text-align: center;\"><em><strong>Gobernadores e intendentes suman nuevas restricciones al ingreso de ciudadanos de otros distritos, potencian los protocolos para residentes o desaconsejan desplazamientos a enclaves con contagios<\/strong><\/em><\/p>\n<p>&nbsp;<\/p>\n<p>&nbsp;<\/p>\n<p>La marcha atr\u00e1s de la flexibilizaci\u00f3n de la cuarentena en la capital cordobesa por el aumento de casos de coronavirus dispar\u00f3 se\u00f1ales de alerta entre gobernadores e intendentes, que transitan sus propios procesos de apertura en medio de llamados a respetar las medidas sanitarias, de una profundizaci\u00f3n de los controles y de la restricci\u00f3n del movimiento entre jurisdicciones para mantener el status quo y evitar contagios for\u00e1neos.<\/p>\n<p>El m\u00e1s gr\u00e1fico fue el mandatario de La Pampa, el peronista Sergio Ziliotto. \u201cNo quiero ser C\u00f3rdoba, que tuvo que volver atr\u00e1s\u201d, dijo, a la hora de pedir \u201cser estrictos\u201d en materia del ingreso de personas a la provincia y de la autorizaci\u00f3n de nuevas actividades. \u201cNo debe ser simp\u00e1tico para un gobierno y para la sociedad tener que volver atr\u00e1s\u201d, enfatiz\u00f3.<\/p>\n<p>En rigor, el retroceso a la fase 3 del aislamiento obligatorio en la ciudad de C\u00f3rdoba no es un caso aislado, aunque s\u00ed de importancia por tratarse de la segunda del pa\u00eds en cantidad de habitantes.<\/p>\n<p>Precisamente, en la primera de ese ranking, la ciudad de Buenos Aires, pende a\u00fan una definici\u00f3n: Horacio Rodr\u00edguez Larreta decidir\u00e1 en las pr\u00f3ximas horas si retomar\u00e1 algunas restricciones tras la suba de casos de los \u00faltimos d\u00edas (suma ya m\u00e1s de 3.300, con foco en barrios vulnerables), y tras desmenuzar el impacto de la flexibilizaci\u00f3n de actividades de la semana pasada.<\/p>\n<p>En tanto, otras localidades ya dieron marcha atr\u00e1s en algunas de las medidas concedidas, frente a la confirmaci\u00f3n de nuevos casos de Covid-19 o a incumplimientos de la ciudadan\u00eda. El lote incluye, entre otras, a las bonaerenses Chascom\u00fas (en aperturas y caminatas saludables, tras 3 nuevos casos y 5 en total), Baradero (volvi\u00f3 a la fase 1 por 3 casos) y Castelli (en salidas recreativas y profesiones liberales, pero sin casos a\u00fan); a la rionegrina Ingeniero Jacobacci y a la chubutense Gastre.<\/p>\n<p>El coronavirus dibuja un mapa de contrastes: en contraposici\u00f3n, Jujuy, La Pampa, San Luis, Santa Cruz y Chubut acumulan ya m\u00e1s de 15 d\u00edas sin nuevos casos y se suman a Formosa y Catamarca, donde el virus nunca se manifest\u00f3. No obstante, desde esos distritos eman\u00f3 una advertencia, como en el caso del juje\u00f1o Gerardo Morales y el neuquino Omar Guti\u00e9rrez: no les temblar\u00e1 el pulso para definir una marcha atr\u00e1s en la liberaci\u00f3n de actividades si detectan un incumplimiento de los protocolos sanitarios por parte de la ciudadan\u00eda.<\/p>\n<p>&nbsp;<\/p>\n<p><strong>Controles estrictos<\/strong><\/p>\n<p>En la capital cordobesa hoy retomaron los controles estrictos de seguridad en los principales ingresos y lugares c\u00e9ntricos, luego del retorno a la fase 3 hasta al menos el 24 de mayo, tras la confirmaci\u00f3n de 55 casos en 72 horas.<\/p>\n<p>\u201cEsta medida es inc\u00f3moda, pero necesaria; este virus es invisible, pero muy contagioso y peligroso, y la prioridad es la salud de los cordobeses\u201d, enfatiz\u00f3 ayer el gobernador Juan Schiaretti. Volvi\u00f3 as\u00ed a cambiar la fisonom\u00eda de calles y avenidas, que hab\u00edan recuperado movimiento con la apertura de comercios, iglesias y atenci\u00f3n de profesiones liberales desde el 11 de mayo, lo mismo que caminatas recreativas los fines de semana.<\/p>\n<p>En paralelo, la delicada situaci\u00f3n epidemiol\u00f3gica que mostr\u00f3 desde el inicio de la pandemia Chaco llev\u00f3 a las autoridades de la vecina Santiago del Estero a cerrar en las \u00faltimas horas el ingreso a ese distrito, a trav\u00e9s del puesto caminero en Rio Muerto y tambi\u00e9n por Pampa de los Guanacos. La decisi\u00f3n se adopt\u00f3 despu\u00e9s de que se confirmaran seis casos positivos de coronavirus en Salavina, de pacientes provenientes de Buenos Aires.<\/p>\n<p>\u201cAtento a la cantidad de casos en el mismo lugar y como forma preventiva, acabo de disponer el aislamiento total por el tiempo que sea necesario de esa localidad del Departamento Salavina. Para cumplir ese cometido est\u00e1n desplaz\u00e1ndose fuerzas de seguridad especiales, que realizar\u00e1n el cierre de ingresos y egresos de la misma, y colaborar\u00e1n con los equipos de salud que se han dispuesto, para realizar un control y testeo general de esa poblaci\u00f3n\u201d, expres\u00f3 en un comunicado el gobierno de Gerardo Zamora.<\/p>\n<p>La cantidad de casos positivos y de fallecidos en la Ciudad de Buenos Aires tambi\u00e9n encendi\u00f3 el alerta en la provincia de Santa Fe, que decidi\u00f3 que todas las personas que ingresen al distrito deber\u00e1n cumplir cuarentena de 14 d\u00edas, especialmente aquellas provenientes de CABA o del Conurbano bonaerense.<\/p>\n<p>La decisi\u00f3n podr\u00eda generar consecuencias en cuanto al abastecimiento de mercader\u00edas y otros insumos, debido a que desde varias empresas ya anticiparon que no estar\u00edan dispuestos a aceptar la medida. \u201cSi queremos sostener los n\u00fameros que tenemos hasta ahora debemos hacer \u00e9sto\u201d, dijo la secretaria de Salud provincial, Sonia Martorano. En tanto, las autoridades de Rosario recomendaron a sus ciudadanos evitar, en lo posible, los viajes hacia el AMBA para disminuir las chances de contagios.<\/p>\n<p>En sinton\u00eda, y sin nuevos casos confirmados, el gobernador de San Luis, Alberto Rodr\u00edguez Sa\u00e1, anunciar\u00e1 ma\u00f1ana un nuevo protocolo sanitario para los camioneros residentes en la provincia que deben entrar y salir con cargas. \u201cTenemos que mejorar las condiciones no para los que est\u00e1n encapsulados y pasan por la provincia sino para aquellos que, siendo residentes, salen y vuelven con cargas\u201d, dijo. E insisti\u00f3 en la necesidad de que \u201cestos camioneros hagan la cuarentena\u201d y sostuvo que se establecer\u00e1 si lo hacen en los centros de transferencia de cargas, ya sea en el Aut\u00f3dromo \u201cRosendo Hern\u00e1ndez\u201d, en la Zona de Actividades Log\u00edsticas, el Aeropuerto Valle del Conlara o la Terminal de \u00d3mnibus de Buena Esperanza, en su casa familiar o en un hotel.<\/p>\n<p>\u201cVamos a tratar esta situaci\u00f3n y la vamos a ajustar; sabemos que nuestra debilidad es tambi\u00e9n el corredor bioce\u00e1nico que une a provincias como San Juan, Mendoza y C\u00f3rdoba, y por eso traeremos soluciones\u201d, prometi\u00f3 Rodr\u00edguez Sa\u00e1.<\/p>\n<p>Asimismo, la provincia de San Juan confirm\u00f3 que por el momento no dar\u00e1n marcha atr\u00e1s a nivel general con la flexibilizaci\u00f3n ni con las caminatas habilitadas en las \u00faltimas horas, luego de que los departamentos de Caucete, 9 de Julio, Valle F\u00e9rtil, 25 de Mayo, Iglesia y Rawson decidieran suspender esas habilitaciones por la aparici\u00f3n del cuarto caso de coronavirus (una m\u00e9dica que viol\u00f3 la cuarentena y no cumpli\u00f3 con los protocolos). La noticia caus\u00f3 preocupaci\u00f3n en el distrito administrado por Sergio U\u00f1ac quien hoy, a trav\u00e9s del secretario de Seguridad, Carlos Munisaga, aclar\u00f3 que pese a que no se dar\u00e1 marcha atr\u00e1s en toda la provincia, la situaci\u00f3n puede cambiar de un momento a otro.<\/p>\n","protected":false},"excerpt":{"rendered":"<p>Gobernadores e intendentes suman nuevas restricciones al ingreso de ciudadanos de otros distritos, potencian los protocolos para residentes o desaconsejan desplazamientos a enclaves con contagios &nbsp; &nbsp; La marcha atr\u00e1s de la flexibilizaci\u00f3n de la cuarentena en la capital cordobesa por el aumento de casos de coronavirus dispar\u00f3 se\u00f1ales de alerta entre gobernadores e intendentes, que transitan sus propios procesos de apertura en medio de llamados a respetar las medidas sanitarias, de una profundizaci\u00f3n de los controles y de la restricci\u00f3n del movimiento entre jurisdicciones para mantener el status quo&#8230;<\/p>\n","protected":false},"author":3,"featured_media":60685,"comment_status":"closed","ping_status":"closed","sticky":false,"template":"","format":"standard","meta":[],"categories":[2],"tags":[],"_links":{"self":[{"href":"https:\/\/www.actualidadadiario.com\/index.php\/wp-json\/wp\/v2\/posts\/61640"}],"collection":[{"href":"https:\/\/www.actualidadadiario.com\/index.php\/wp-json\/wp\/v2\/posts"}],"about":[{"href":"https:\/\/www.actualidadadiario.com\/index.php\/wp-json\/wp\/v2\/types\/post"}],"author":[{"embeddable":true,"href":"https:\/\/www.actualidadadiario.com\/index.php\/wp-json\/wp\/v2\/users\/3"}],"replies":[{"embeddable":true,"href":"https:\/\/www.actualidadadiario.com\/index.php\/wp-json\/wp\/v2\/comments?post=61640"}],"version-history":[{"count":1,"href":"https:\/\/www.actualidadadiario.com\/index.php\/wp-json\/wp\/v2\/posts\/61640\/revisions"}],"predecessor-version":[{"id":61641,"href":"https:\/\/www.actualidadadiario.com\/index.php\/wp-json\/wp\/v2\/posts\/61640\/revisions\/61641"}],"wp:featuredmedia":[{"embeddable":true,"href":"https:\/\/www.actualidadadiario.com\/index.php\/wp-json\/wp\/v2\/media\/60685"}],"wp:attachment":[{"href":"https:\/\/www.actualidadadiario.com\/index.php\/wp-json\/wp\/v2\/media?parent=61640"}],"wp:term":[{"taxonomy":"category","embeddable":true,"href":"https:\/\/www.actualidadadiario.com\/index.php\/wp-json\/wp\/v2\/categories?post=61640"},{"taxonomy":"post_tag","embeddable":true,"href":"https:\/\/www.actualidadadiario.com\/index.php\/wp-json\/wp\/v2\/tags?post=61640"}],"curies":[{"name":"wp","href":"https:\/\/api.w.org\/{rel}","templated":true}]}}