{"id":61636,"date":"2020-05-20T12:23:19","date_gmt":"2020-05-20T15:23:19","guid":{"rendered":"https:\/\/www.actualidadadiario.com\/?p=61636"},"modified":"2020-05-20T12:23:19","modified_gmt":"2020-05-20T15:23:19","slug":"con-una-baja-del-3-el-derrumbe-de-la-recaudacion-se-sintio-menos-en-las-provincias","status":"publish","type":"post","link":"https:\/\/www.actualidadadiario.com\/index.php\/2020\/05\/20\/con-una-baja-del-3-el-derrumbe-de-la-recaudacion-se-sintio-menos-en-las-provincias\/","title":{"rendered":"Con una baja del 3%, el derrumbe de la recaudaci\u00f3n se sinti\u00f3 menos en las provincias"},"content":{"rendered":"<p style=\"text-align: center;\"><em><strong>La primera mitad de mayo mostr\u00f3 una ca\u00edda del 33% en la recaudaci\u00f3n tributaria, seg\u00fan la estimaci\u00f3n realizada por el Iaraf y publicada ayer a trav\u00e9s de un informe. La comparaci\u00f3n es de los primeros 10 d\u00edas h\u00e1biles contra la misma porci\u00f3n de tiempo de mayo del 2019. Mientras tanto, en las provincias la ca\u00edda viene siendo de 3%, lo que implica cierta desaceleraci\u00f3n en la contracci\u00f3n<\/strong><\/em><\/p>\n<p>&nbsp;<\/p>\n<p>En cambio, a nivel nacional, el 33% implica un empeoramiento respecto de un abril en el que ya se hab\u00eda registrado un desplome de 23,3%. Se trata de una cifra esperable, ya que en mayo se pagan los saldos devengados del IVA de abril, en donde la cuarentena se mostr\u00f3 en su versi\u00f3n m\u00e1s inflexible y dur\u00f3 todo el mes.<\/p>\n<p>El informe de Iaraf acerca de la recaudaci\u00f3n de mayo, publicado ayer, detall\u00f3: &#8220;En el caso de los tributos nacionales, tuvieron fuerte incidencia las ca\u00eddas reales en la recaudaci\u00f3n de IVA (23% real interanual) y de Ganancias (47% real interanual), que son los tributos de m\u00e1s peso entre los relevados. A nivel provincial, el principal impuesto, Ingresos Brutos, viene mostrando en lo que va del mes una recaudaci\u00f3n con poder adquisitivo solo algo inferior (0,5%) a la del a\u00f1o pasado&#8221;.<\/p>\n<p>La ca\u00edda en la recaudaci\u00f3n complica las cuentas p\u00fablicas: los privados esperan un rojo primario en torno del 6% del PBI.<\/p>\n","protected":false},"excerpt":{"rendered":"<p>La primera mitad de mayo mostr\u00f3 una ca\u00edda del 33% en la recaudaci\u00f3n tributaria, seg\u00fan la estimaci\u00f3n realizada por el Iaraf y publicada ayer a trav\u00e9s de un informe. La comparaci\u00f3n es de los primeros 10 d\u00edas h\u00e1biles contra la misma porci\u00f3n de tiempo de mayo del 2019. Mientras tanto, en las provincias la ca\u00edda viene siendo de 3%, lo que implica cierta desaceleraci\u00f3n en la contracci\u00f3n &nbsp; En cambio, a nivel nacional, el 33% implica un empeoramiento respecto de un abril en el que ya se hab\u00eda registrado un&#8230;<\/p>\n","protected":false},"author":3,"featured_media":53138,"comment_status":"closed","ping_status":"closed","sticky":false,"template":"","format":"standard","meta":[],"categories":[2],"tags":[],"_links":{"self":[{"href":"https:\/\/www.actualidadadiario.com\/index.php\/wp-json\/wp\/v2\/posts\/61636"}],"collection":[{"href":"https:\/\/www.actualidadadiario.com\/index.php\/wp-json\/wp\/v2\/posts"}],"about":[{"href":"https:\/\/www.actualidadadiario.com\/index.php\/wp-json\/wp\/v2\/types\/post"}],"author":[{"embeddable":true,"href":"https:\/\/www.actualidadadiario.com\/index.php\/wp-json\/wp\/v2\/users\/3"}],"replies":[{"embeddable":true,"href":"https:\/\/www.actualidadadiario.com\/index.php\/wp-json\/wp\/v2\/comments?post=61636"}],"version-history":[{"count":1,"href":"https:\/\/www.actualidadadiario.com\/index.php\/wp-json\/wp\/v2\/posts\/61636\/revisions"}],"predecessor-version":[{"id":61637,"href":"https:\/\/www.actualidadadiario.com\/index.php\/wp-json\/wp\/v2\/posts\/61636\/revisions\/61637"}],"wp:featuredmedia":[{"embeddable":true,"href":"https:\/\/www.actualidadadiario.com\/index.php\/wp-json\/wp\/v2\/media\/53138"}],"wp:attachment":[{"href":"https:\/\/www.actualidadadiario.com\/index.php\/wp-json\/wp\/v2\/media?parent=61636"}],"wp:term":[{"taxonomy":"category","embeddable":true,"href":"https:\/\/www.actualidadadiario.com\/index.php\/wp-json\/wp\/v2\/categories?post=61636"},{"taxonomy":"post_tag","embeddable":true,"href":"https:\/\/www.actualidadadiario.com\/index.php\/wp-json\/wp\/v2\/tags?post=61636"}],"curies":[{"name":"wp","href":"https:\/\/api.w.org\/{rel}","templated":true}]}}