{"id":61631,"date":"2020-05-20T12:20:59","date_gmt":"2020-05-20T15:20:59","guid":{"rendered":"https:\/\/www.actualidadadiario.com\/?p=61631"},"modified":"2020-05-20T12:20:59","modified_gmt":"2020-05-20T15:20:59","slug":"proponen-la-creacion-de-la-empresa-estatal-de-alimentos","status":"publish","type":"post","link":"https:\/\/www.actualidadadiario.com\/index.php\/2020\/05\/20\/proponen-la-creacion-de-la-empresa-estatal-de-alimentos\/","title":{"rendered":"Proponen la creaci\u00f3n de la Empresa Estatal de Alimentos"},"content":{"rendered":"<p style=\"text-align: center;\"><em><strong>La Corriente Nacional Mart\u00edn Fierro, aliada del Frente de Todos, plantea que &#8220;la crisis requiere de medidas m\u00e1s profundas&#8221; y propone &#8220;un cambio estructural&#8221;<\/strong><\/em><\/p>\n<p>&nbsp;<\/p>\n<p>&nbsp;<\/p>\n<p>Uno de los grandes problemas que expuso la crisis sanitaria es la conformaci\u00f3n de los precios de los alimentos. Los valores de productos esenciales para la alimentaci\u00f3n se dispararon en el marco de la cuarentena sin demasiados argumentos y los principales apuntados de la cadena son los intermediarios.<\/p>\n<p>A partir de esta situaci\u00f3n, surgieron distintas iniciativas para mitigar la problem\u00e1tica. El Frente Patria Grande promueve un proyecto de ley para la creaci\u00f3n de una Empresa P\u00fablica de Alimentos. En una similar sinton\u00eda, se ubica la propuesta de la Corriente Nacional Mart\u00edn Fierro, organizaci\u00f3n social y pol\u00edtica aliada al Frente de Todos (FdT), que apunta a crear la Empresa Estatal de Alimentos. \u201cNuestra propuesta va m\u00e1s a fondo. La profundidad de la crisis requiere de medidas m\u00e1s profundas y lo que planteamos es un cambio estructural\u201d, asegur\u00f3 a Tiempo el secretario general de la Corriente Mart\u00edn Fierro, Nahuel Beibe.<\/p>\n<p>\u201cA pesar de los enormes esfuerzos que viene haciendo el ministro (de Desarrollo Social) Daniel Arroyo, la llegada de alimentos a los barrios populares seguir\u00e1 siendo insuficiente, por lo que resulta cada vez m\u00e1s necesario pensar con otra matriz las respuestas estatales\u201d, apunt\u00f3 Beibe y agreg\u00f3: \u201cEs imprescindible generar una mayor intervenci\u00f3n del Estado en sectores esenciales de la econom\u00eda, como en la producci\u00f3n de alimentos, para impedir que se generalice el hambre como en las anteriores crisis que hemos atravesado los argentinos\u201d.<\/p>\n<p>La Empresa Estatal de Alimentos tendr\u00eda tres labores esenciales: comercializaci\u00f3n, producci\u00f3n y recuperaci\u00f3n de empresas.<\/p>\n<p>La comercializaci\u00f3n \u201ces la m\u00e1s f\u00e1cil de hacer\u201d, afirm\u00f3 Beibe, al tiempo que se apoy\u00f3 en el antecedente boliviano de la Empresa de Apoyo a la Producci\u00f3n de Alimentos (EMAPA), creada durante el gobierno de Evo Morales. \u201cEl Estado compra a los peque\u00f1os productores, cooperativas y pymes a un precio mayor del que ofrece el mercado, que como sabemos est\u00e1 muy concentrado y los peque\u00f1os productores no pueden hacer m\u00e1s que aceptar mezquinas ofertas. Luego, el Estado puede comercializar adentro del propio Estado (abastecer escuelas, comedores, hospitales, etc.) o al ciudadano, a un precio menor al que tiene el mercado, con el objetivo de fijar precios de referencia m\u00e1s bajos al que imponen las grandes cadenas\u201d. Adem\u00e1s, \u201cpuede subsidiar el transporte, a partir de las empresas estatales del sector (trenes, combustible, etc.)\u201d. Esto \u201cpermitir\u00eda que los peque\u00f1os productores tengan posibilidad de reinvertir y de crecer, no solo de subsistir\u201d.<\/p>\n<p>En cuanto a la producci\u00f3n, \u201cel Estado debe producir en las tierras p\u00fablicas, que no son pocas\u201d. \u201cEl Estado debe transformarse en un productor de alimentos, a partir de la utilizaci\u00f3n de tierras p\u00fablicas nacionales, provinciales y municipales. Lo mismo se debe aplicar a la pesca. El Estado debe aprovechar la riqueza mar\u00edtima y fluvial del pa\u00eds, que es muy importante\u201d, resumi\u00f3 Beibe.<\/p>\n<p>Como ejemplo de este \u00faltimo concepto, Beibe record\u00f3 el caso de Villa Ciudad Parque, en C\u00f3rdoba, donde el intendente Pablo Riveros (que tambi\u00e9n integra la Corrienta Mart\u00edn Fierro). All\u00ed, la comuna sembr\u00f3 2 mil cr\u00edas de pejerrey en el dique Los Molinos, a trav\u00e9s de una empresa municipal, con la idea de abastecer de alimentos sin descuidar el medio ambiente. \u201cTambi\u00e9n hay una experiencia en La Rioja de una empresa estatal de alimentos. No es una utop\u00eda, ocurre en muchos lugares del pa\u00eds\u201d, advirti\u00f3 Beibe.<\/p>\n<p>En el mismo sentido, el dirigente plante\u00f3 que se debe \u201cgenerar valor agregado a la producci\u00f3n rural, lo cual permitir\u00eda generar puestos de trabajo\u201d.<\/p>\n<p>El tercer punto es la recuperaci\u00f3n de empresas por parte del Estado. \u201cHay muchas empresas que tienen dificultades para mantener producci\u00f3n y despiden empleados o cierran. Creemos que el Estado debe adquirirlas y as\u00ed comenzar a construir un engranaje propio de empresas estatales de alimentos\u201d.<\/p>\n<p>La propuesta apunta tambi\u00e9n a los subsidios que reciben las grandes empresas para pagar salarios, en el marco de la crisis sanitaria. \u201cSe las debe intervenir y designar directores estatales. Lo mismo para grandes empresas que tienen grandes deudas con el Estado. Adem\u00e1s, el Estado no debe sostener a las empresas que generaron niveles de evasi\u00f3n y fuga muy altos. Durante el macrismo, ingresaron 100 mil millones de d\u00f3lares en toma de deuda y se fugaron 85 mil millones\u201d.<\/p>\n<p>\u201cEl Estado tiene que estar m\u00e1s fuerte en la intervenci\u00f3n de la econom\u00eda; debe ser un actor econ\u00f3mico. La iniciativa va en ese sentido y estamos evaluando la posibilidad de hacer un proyecto de ley\u201d, finaliz\u00f3 Beibe.<\/p>\n","protected":false},"excerpt":{"rendered":"<p>La Corriente Nacional Mart\u00edn Fierro, aliada del Frente de Todos, plantea que &#8220;la crisis requiere de medidas m\u00e1s profundas&#8221; y propone &#8220;un cambio estructural&#8221; &nbsp; &nbsp; Uno de los grandes problemas que expuso la crisis sanitaria es la conformaci\u00f3n de los precios de los alimentos. Los valores de productos esenciales para la alimentaci\u00f3n se dispararon en el marco de la cuarentena sin demasiados argumentos y los principales apuntados de la cadena son los intermediarios. A partir de esta situaci\u00f3n, surgieron distintas iniciativas para mitigar la problem\u00e1tica. El Frente Patria Grande&#8230;<\/p>\n","protected":false},"author":3,"featured_media":61632,"comment_status":"closed","ping_status":"closed","sticky":false,"template":"","format":"standard","meta":[],"categories":[2],"tags":[],"_links":{"self":[{"href":"https:\/\/www.actualidadadiario.com\/index.php\/wp-json\/wp\/v2\/posts\/61631"}],"collection":[{"href":"https:\/\/www.actualidadadiario.com\/index.php\/wp-json\/wp\/v2\/posts"}],"about":[{"href":"https:\/\/www.actualidadadiario.com\/index.php\/wp-json\/wp\/v2\/types\/post"}],"author":[{"embeddable":true,"href":"https:\/\/www.actualidadadiario.com\/index.php\/wp-json\/wp\/v2\/users\/3"}],"replies":[{"embeddable":true,"href":"https:\/\/www.actualidadadiario.com\/index.php\/wp-json\/wp\/v2\/comments?post=61631"}],"version-history":[{"count":1,"href":"https:\/\/www.actualidadadiario.com\/index.php\/wp-json\/wp\/v2\/posts\/61631\/revisions"}],"predecessor-version":[{"id":61633,"href":"https:\/\/www.actualidadadiario.com\/index.php\/wp-json\/wp\/v2\/posts\/61631\/revisions\/61633"}],"wp:featuredmedia":[{"embeddable":true,"href":"https:\/\/www.actualidadadiario.com\/index.php\/wp-json\/wp\/v2\/media\/61632"}],"wp:attachment":[{"href":"https:\/\/www.actualidadadiario.com\/index.php\/wp-json\/wp\/v2\/media?parent=61631"}],"wp:term":[{"taxonomy":"category","embeddable":true,"href":"https:\/\/www.actualidadadiario.com\/index.php\/wp-json\/wp\/v2\/categories?post=61631"},{"taxonomy":"post_tag","embeddable":true,"href":"https:\/\/www.actualidadadiario.com\/index.php\/wp-json\/wp\/v2\/tags?post=61631"}],"curies":[{"name":"wp","href":"https:\/\/api.w.org\/{rel}","templated":true}]}}