{"id":61625,"date":"2020-05-20T12:19:02","date_gmt":"2020-05-20T15:19:02","guid":{"rendered":"https:\/\/www.actualidadadiario.com\/?p=61625"},"modified":"2020-05-20T12:19:02","modified_gmt":"2020-05-20T15:19:02","slug":"sacaron-los-monticulos-de-tierra-y-ahora-se-puede-entrar-a-concordia-por-ruta-22","status":"publish","type":"post","link":"https:\/\/www.actualidadadiario.com\/index.php\/2020\/05\/20\/sacaron-los-monticulos-de-tierra-y-ahora-se-puede-entrar-a-concordia-por-ruta-22\/","title":{"rendered":"Sacaron los mont\u00edculos de tierra y ahora se puede entrar a Concordia por Ruta 22"},"content":{"rendered":"<p style=\"text-align: center;\"><em><strong>A partir de este mi\u00e9rcoles 20 de mayo se habilitar\u00e1 el acceso a Concordia a trav\u00e9s de la ruta 22, en el horario de 6 a 18 horas. El intendente Alfredo Francolini se reuni\u00f3 en el lugar con autoridades del Consejo de Emergencia Sanitaria, de la Polic\u00eda de Entre R\u00edos y de las fuerzas de seguridad federales, para supervisar los trabajos de log\u00edstica que se dispondr\u00e1n y ultimar detalles para la puesta en marcha de los operativos<\/strong><\/em><\/p>\n<p>&nbsp;<\/p>\n<p>El jefe comunal destac\u00f3 &#8220;el trabajo de las distintas \u00e1reas del Municipio en conjunto con la Polic\u00eda de Entre R\u00edos y las fuerzas federales&#8221; que posibilita &#8220;contar con este ingreso habilitado y con todo el Protocolo de Prevenci\u00f3n&#8221;. La decisi\u00f3n surgi\u00f3 luego de sucesivas reuniones con los Intendentes del Departamento y los productores de la regi\u00f3n, &#8220;con quienes fuimos acordando una metodolog\u00eda de trabajo que nos permita seguir con los controles preventivos&#8221;.<\/p>\n<p>&#8220;Hoy se puede dar esto, porque no tenemos circulaci\u00f3n local del virus, lo que nos permite ir avanzando en distintos aspectos. Como la extensi\u00f3n de los horarios de los comercios, las salidas de esparcimiento y la apertura parcial de la ruta 22, que lo ven\u00edamos evaluando hace tiempo y ahora se puede concretar&#8221;, expres\u00f3.<\/p>\n<p>&#8220;Es importante&#8221;, sostuvo el Intendente, &#8220;que continuemos siendo responsables y cada uno cumpla estrictamente con las medidas de prevenci\u00f3n, para que podamos ir en forma progresiva otorgando m\u00e1s excepciones y no tengamos que volver atr\u00e1s con las habilitaciones o los permisos que se van otorgando. Lo que todos queremos es que esta pandemia mundial pase y retornar a la actividad normal, pero para lograrlo el compromiso de cada uno es fundamental&#8221;, subray\u00f3.<\/p>\n<p>El bloqueo de la Ruta 22 origin\u00f3 profundo malestar en comunidades vecinas a Concordia, que desde el comienzo de la cuarentena se vieron obligadas a desplazarse varios kil\u00f3metros hacia el norte, para entrar y salir por la Ruta A015.<\/p>\n<p>A un lado y al otro de las monta\u00f1as de tierra que fueron colocadas sobre la Ruta 22 comenzaron a verse autom\u00f3viles estacionados. Tal imagen era el reflejo de una modalidad con la cual muchos vecinos pudieron evitar dar la vuelta: llegaban hasta all\u00ed en un auto, cruzaban a pie y se sub\u00edan luego a otro. Todo ello, a partir de hoy, quedar\u00e1 en el pasado.<\/p>\n","protected":false},"excerpt":{"rendered":"<p>A partir de este mi\u00e9rcoles 20 de mayo se habilitar\u00e1 el acceso a Concordia a trav\u00e9s de la ruta 22, en el horario de 6 a 18 horas. El intendente Alfredo Francolini se reuni\u00f3 en el lugar con autoridades del Consejo de Emergencia Sanitaria, de la Polic\u00eda de Entre R\u00edos y de las fuerzas de seguridad federales, para supervisar los trabajos de log\u00edstica que se dispondr\u00e1n y ultimar detalles para la puesta en marcha de los operativos &nbsp; El jefe comunal destac\u00f3 &#8220;el trabajo de las distintas \u00e1reas del Municipio&#8230;<\/p>\n","protected":false},"author":3,"featured_media":61626,"comment_status":"closed","ping_status":"closed","sticky":false,"template":"","format":"standard","meta":[],"categories":[15],"tags":[],"_links":{"self":[{"href":"https:\/\/www.actualidadadiario.com\/index.php\/wp-json\/wp\/v2\/posts\/61625"}],"collection":[{"href":"https:\/\/www.actualidadadiario.com\/index.php\/wp-json\/wp\/v2\/posts"}],"about":[{"href":"https:\/\/www.actualidadadiario.com\/index.php\/wp-json\/wp\/v2\/types\/post"}],"author":[{"embeddable":true,"href":"https:\/\/www.actualidadadiario.com\/index.php\/wp-json\/wp\/v2\/users\/3"}],"replies":[{"embeddable":true,"href":"https:\/\/www.actualidadadiario.com\/index.php\/wp-json\/wp\/v2\/comments?post=61625"}],"version-history":[{"count":1,"href":"https:\/\/www.actualidadadiario.com\/index.php\/wp-json\/wp\/v2\/posts\/61625\/revisions"}],"predecessor-version":[{"id":61627,"href":"https:\/\/www.actualidadadiario.com\/index.php\/wp-json\/wp\/v2\/posts\/61625\/revisions\/61627"}],"wp:featuredmedia":[{"embeddable":true,"href":"https:\/\/www.actualidadadiario.com\/index.php\/wp-json\/wp\/v2\/media\/61626"}],"wp:attachment":[{"href":"https:\/\/www.actualidadadiario.com\/index.php\/wp-json\/wp\/v2\/media?parent=61625"}],"wp:term":[{"taxonomy":"category","embeddable":true,"href":"https:\/\/www.actualidadadiario.com\/index.php\/wp-json\/wp\/v2\/categories?post=61625"},{"taxonomy":"post_tag","embeddable":true,"href":"https:\/\/www.actualidadadiario.com\/index.php\/wp-json\/wp\/v2\/tags?post=61625"}],"curies":[{"name":"wp","href":"https:\/\/api.w.org\/{rel}","templated":true}]}}