{"id":61620,"date":"2020-05-20T12:17:25","date_gmt":"2020-05-20T15:17:25","guid":{"rendered":"https:\/\/www.actualidadadiario.com\/?p=61620"},"modified":"2020-05-20T12:17:25","modified_gmt":"2020-05-20T15:17:25","slug":"diputados-realiza-hoy-la-tercera-sesion-ordinaria","status":"publish","type":"post","link":"https:\/\/www.actualidadadiario.com\/index.php\/2020\/05\/20\/diputados-realiza-hoy-la-tercera-sesion-ordinaria\/","title":{"rendered":"Diputados realiza hoy la tercera sesi\u00f3n ordinaria"},"content":{"rendered":"<p style=\"text-align: center;\"><em><strong>La C\u00e1mara de Diputados concretar\u00e1 la tercera sesi\u00f3n ordinaria del 141\u00b0 periodo legislativo este mi\u00e9rcoles 20 de mayo. La misma se realizar\u00e1 desde las 11 horas de manera mixta semipresencial-virtual, respetando los protocolos de higiene y seguridad respectivos para la prevenci\u00f3n de la propagaci\u00f3n del Covid-19<\/strong><\/em><\/p>\n<p>&nbsp;<\/p>\n<p>&nbsp;<\/p>\n<p>El presidente de la C\u00e1mara de Diputados, \u00c1ngel Giano, el secretario y el prosecretario, Carlos Saboldelli y Nicol\u00e1s Pierini respectivamente, y los presidentes de bloques, Juan Navarro (Frente Creer), Gustavo Cusinato (Uni\u00f3n C\u00edvica Radical), Esteban Vitor (PRO) y Juan Domingo Zacar\u00edas (Movimiento Social Entrerriano), estar\u00e1n presentes en el Recinto.<\/p>\n<p>En tanto que las dem\u00e1s diputadas y diputados participar\u00e1n a trav\u00e9s de la plataforma virtual habilitada por la C\u00e1mara, ante la circunstancia excepcional que se presenta en la pandemia del coronavirus.<\/p>\n","protected":false},"excerpt":{"rendered":"<p>La C\u00e1mara de Diputados concretar\u00e1 la tercera sesi\u00f3n ordinaria del 141\u00b0 periodo legislativo este mi\u00e9rcoles 20 de mayo. La misma se realizar\u00e1 desde las 11 horas de manera mixta semipresencial-virtual, respetando los protocolos de higiene y seguridad respectivos para la prevenci\u00f3n de la propagaci\u00f3n del Covid-19 &nbsp; &nbsp; El presidente de la C\u00e1mara de Diputados, \u00c1ngel Giano, el secretario y el prosecretario, Carlos Saboldelli y Nicol\u00e1s Pierini respectivamente, y los presidentes de bloques, Juan Navarro (Frente Creer), Gustavo Cusinato (Uni\u00f3n C\u00edvica Radical), Esteban Vitor (PRO) y Juan Domingo Zacar\u00edas (Movimiento&#8230;<\/p>\n","protected":false},"author":3,"featured_media":60586,"comment_status":"closed","ping_status":"closed","sticky":false,"template":"","format":"standard","meta":[],"categories":[15],"tags":[],"_links":{"self":[{"href":"https:\/\/www.actualidadadiario.com\/index.php\/wp-json\/wp\/v2\/posts\/61620"}],"collection":[{"href":"https:\/\/www.actualidadadiario.com\/index.php\/wp-json\/wp\/v2\/posts"}],"about":[{"href":"https:\/\/www.actualidadadiario.com\/index.php\/wp-json\/wp\/v2\/types\/post"}],"author":[{"embeddable":true,"href":"https:\/\/www.actualidadadiario.com\/index.php\/wp-json\/wp\/v2\/users\/3"}],"replies":[{"embeddable":true,"href":"https:\/\/www.actualidadadiario.com\/index.php\/wp-json\/wp\/v2\/comments?post=61620"}],"version-history":[{"count":1,"href":"https:\/\/www.actualidadadiario.com\/index.php\/wp-json\/wp\/v2\/posts\/61620\/revisions"}],"predecessor-version":[{"id":61621,"href":"https:\/\/www.actualidadadiario.com\/index.php\/wp-json\/wp\/v2\/posts\/61620\/revisions\/61621"}],"wp:featuredmedia":[{"embeddable":true,"href":"https:\/\/www.actualidadadiario.com\/index.php\/wp-json\/wp\/v2\/media\/60586"}],"wp:attachment":[{"href":"https:\/\/www.actualidadadiario.com\/index.php\/wp-json\/wp\/v2\/media?parent=61620"}],"wp:term":[{"taxonomy":"category","embeddable":true,"href":"https:\/\/www.actualidadadiario.com\/index.php\/wp-json\/wp\/v2\/categories?post=61620"},{"taxonomy":"post_tag","embeddable":true,"href":"https:\/\/www.actualidadadiario.com\/index.php\/wp-json\/wp\/v2\/tags?post=61620"}],"curies":[{"name":"wp","href":"https:\/\/api.w.org\/{rel}","templated":true}]}}