{"id":61618,"date":"2020-05-20T12:16:41","date_gmt":"2020-05-20T15:16:41","guid":{"rendered":"https:\/\/www.actualidadadiario.com\/?p=61618"},"modified":"2020-05-20T12:16:41","modified_gmt":"2020-05-20T15:16:41","slug":"iosper-mantendra-prestaciones-basicas-a-personas-con-discapacidad","status":"publish","type":"post","link":"https:\/\/www.actualidadadiario.com\/index.php\/2020\/05\/20\/iosper-mantendra-prestaciones-basicas-a-personas-con-discapacidad\/","title":{"rendered":"Iosper mantendr\u00e1 prestaciones b\u00e1sicas a personas con discapacidad"},"content":{"rendered":"<p style=\"text-align: center;\"><em><strong>El Directorio Obrero del Instituto Obra Social de la Provincia de Entre R\u00edos (Iosper) adherir\u00e1 a la resoluci\u00f3n 140\/20 de la Agencia Nacional de Discapacidad (AND) que dispone mantener las prestaciones b\u00e1sicas de atenci\u00f3n integral a todos aquellos afiliados discapacitados &#8220;que las hayan recibido y que efectivamente puedan demostrarlo&#8221;, inform\u00f3 el presidente de la instituci\u00f3n, Fernando Ca\u00f1ete<\/strong><\/em><\/p>\n<p>&nbsp;<\/p>\n<p>&nbsp;<\/p>\n<p>As\u00ed, Iosper garantizar\u00e1 las prestaciones contempladas en el nomenclador de la Ley 24.901, durante la vigencia del Aislamiento Social, Preventivo y Obligatorio. En ese sentido, record\u00f3 que quedan exceptuadas las prestaciones del nomenclador de la Ley 24.901 que impliquen alojamiento de las personas con discapacidad, y las que sean debidamente autorizadas.<\/p>\n<p>Ca\u00f1ete indic\u00f3 que &#8220;es necesario mantener las respuestas adecuadas para que las personas con discapacidad mantengan las prestaciones b\u00e1sicas que puedan realizarse a distancia, y que reciban la prestaci\u00f3n alimentaria, para garantizar el derecho en igualdad de condiciones&#8221;.<\/p>\n<p>Adem\u00e1s, el funcionario explic\u00f3 que las prestaciones b\u00e1sicas de atenci\u00f3n integral correspondientes a marzo, abril y mayo de 2020, ser\u00e1n liquidadas y abonadas en su totalidad, contra la entrega de la documentaci\u00f3n respaldatoria, pero aclar\u00f3 que no se abonar\u00e1 a quienes perciban el Ingreso Familiar de Emergencia (IFE).<\/p>\n","protected":false},"excerpt":{"rendered":"<p>El Directorio Obrero del Instituto Obra Social de la Provincia de Entre R\u00edos (Iosper) adherir\u00e1 a la resoluci\u00f3n 140\/20 de la Agencia Nacional de Discapacidad (AND) que dispone mantener las prestaciones b\u00e1sicas de atenci\u00f3n integral a todos aquellos afiliados discapacitados &#8220;que las hayan recibido y que efectivamente puedan demostrarlo&#8221;, inform\u00f3 el presidente de la instituci\u00f3n, Fernando Ca\u00f1ete &nbsp; &nbsp; As\u00ed, Iosper garantizar\u00e1 las prestaciones contempladas en el nomenclador de la Ley 24.901, durante la vigencia del Aislamiento Social, Preventivo y Obligatorio. En ese sentido, record\u00f3 que quedan exceptuadas las prestaciones&#8230;<\/p>\n","protected":false},"author":3,"featured_media":48799,"comment_status":"closed","ping_status":"closed","sticky":false,"template":"","format":"standard","meta":[],"categories":[15],"tags":[],"_links":{"self":[{"href":"https:\/\/www.actualidadadiario.com\/index.php\/wp-json\/wp\/v2\/posts\/61618"}],"collection":[{"href":"https:\/\/www.actualidadadiario.com\/index.php\/wp-json\/wp\/v2\/posts"}],"about":[{"href":"https:\/\/www.actualidadadiario.com\/index.php\/wp-json\/wp\/v2\/types\/post"}],"author":[{"embeddable":true,"href":"https:\/\/www.actualidadadiario.com\/index.php\/wp-json\/wp\/v2\/users\/3"}],"replies":[{"embeddable":true,"href":"https:\/\/www.actualidadadiario.com\/index.php\/wp-json\/wp\/v2\/comments?post=61618"}],"version-history":[{"count":1,"href":"https:\/\/www.actualidadadiario.com\/index.php\/wp-json\/wp\/v2\/posts\/61618\/revisions"}],"predecessor-version":[{"id":61619,"href":"https:\/\/www.actualidadadiario.com\/index.php\/wp-json\/wp\/v2\/posts\/61618\/revisions\/61619"}],"wp:featuredmedia":[{"embeddable":true,"href":"https:\/\/www.actualidadadiario.com\/index.php\/wp-json\/wp\/v2\/media\/48799"}],"wp:attachment":[{"href":"https:\/\/www.actualidadadiario.com\/index.php\/wp-json\/wp\/v2\/media?parent=61618"}],"wp:term":[{"taxonomy":"category","embeddable":true,"href":"https:\/\/www.actualidadadiario.com\/index.php\/wp-json\/wp\/v2\/categories?post=61618"},{"taxonomy":"post_tag","embeddable":true,"href":"https:\/\/www.actualidadadiario.com\/index.php\/wp-json\/wp\/v2\/tags?post=61618"}],"curies":[{"name":"wp","href":"https:\/\/api.w.org\/{rel}","templated":true}]}}