{"id":61612,"date":"2020-05-20T12:15:06","date_gmt":"2020-05-20T15:15:06","guid":{"rendered":"https:\/\/www.actualidadadiario.com\/?p=61612"},"modified":"2020-05-20T12:15:06","modified_gmt":"2020-05-20T15:15:06","slug":"los-postulantes-a-las-vocalias-del-consejo-general-de-educacion-expusieron-en-audiencia-publica-ante-el-senado","status":"publish","type":"post","link":"https:\/\/www.actualidadadiario.com\/index.php\/2020\/05\/20\/los-postulantes-a-las-vocalias-del-consejo-general-de-educacion-expusieron-en-audiencia-publica-ante-el-senado\/","title":{"rendered":"Los postulantes a las vocal\u00edas del Consejo General de Educaci\u00f3n expusieron en audiencia p\u00fablica ante el Senado"},"content":{"rendered":"<p style=\"text-align: center;\"><em><strong>Los candidatos a ocupar las vocal\u00edas en el Consejo General de Educaci\u00f3n, Humberto Javier Jos\u00e9, Exequiel Coronoffo y Griselda Mercedes Di Lello, expusieron este martes ante la Comisi\u00f3n de Asuntos Constitucionales y Acuerdos del Senado, sobre diversos aspectos relacionados a la funci\u00f3n a desarrollar<\/strong><\/em><\/p>\n<p>&nbsp;<\/p>\n<p>&nbsp;<\/p>\n<p>Las audiencias se llevaron adelante en el recinto del Senado y all\u00ed estuvieron presentes el presidente de la Comisi\u00f3n, Horacio Amavet (FJ Creer ER) y los senadores integrantes del cuerpo: Armando Gay (presidente del Bloque FJ Creer ER), Rub\u00e9n Dal Mol\u00edn (JxC), Gast\u00f3n Bagnat (JxC), Nancy Miranda (FJ Creer ER), Marcelo Berthet (FJ Creer ER), por videoconferencia el senador Amilcar Genre Bert (FJ Creer ER); adem\u00e1s del secretario de la C\u00e1mara, Lautaro Schiavoni, y del prosecretario Leonardo Centuri\u00f3n. El senador Francisco Morchio (presidente del bloque JxC) tambi\u00e9n presenci\u00f3 el debate desde el recinto.<\/p>\n<p>El encuentro se llev\u00f3 adelante sin la presencia de p\u00fablico, cumpliendo las medidas de distanciamiento requeridas por las autoridades sanitarias en el marco de la emergencia sanitaria y fue transmitido en forma directa a trav\u00e9s de la web del senado.<\/p>\n<p>Durante parte de las audiencias tambi\u00e9n estuve presente la vicegobernadora Laura Stratta. \u201cLa educaci\u00f3n es un pilar fundamental para el desarrollo de las personas y las sociedades, por eso tiene un rol central en las pol\u00edticas p\u00fablicas que llevamos adelante desde el gobierno de Entre R\u00edos\u201d, indic\u00f3 la presidenta del Senado provincial.<\/p>\n<p>&nbsp;<\/p>\n<p><strong>Humberto Javier Jos\u00e9<\/strong><\/p>\n<p>Tras la exposici\u00f3n de Mart\u00edn Muller, quien fue propuesto por el Ejecutivo provincial para la titularidad del CGE, fue el turno del candidato a vocal Humberto Javier Jos\u00e9, oriundo de Paran\u00e1, quien en su presentaci\u00f3n record\u00f3 su formaci\u00f3n, su carrera educativa y puso el acento en la importancia de haber ocupado el cargo de Director Departamental de Escuelas de Paran\u00e1, un lugar \u201cque permite realmente acercarse a la problem\u00e1tica educativa\u201d, defini\u00f3.<\/p>\n<p>Reconoci\u00f3 que forma parte en el CGE \u201cde un buen equipo de trabajo que tiene esa misma impronta de haber sido o haber tenido como experiencia este tr\u00e1nsito por las direcciones departamentales. Esto lo que hace es facilitar, b\u00e1sicamente la posibilidad de poder tener esa noci\u00f3n sobre qu\u00e9 pasa en el territorio y no de introducir o planificar cambios que verdaderamente pueden ser muy verdaderos y \u00fatiles, pero al momento de plasmarlo con la realidad tienen ciertas dificultades\u201d.<\/p>\n<p>A partir de una pregunta del senador Marcelo Berthet sobre los planes de fortalecimiento para la Educaci\u00f3n T\u00e9cnica Profesional en la provincia, el candidato a vocal expres\u00f3 que se trata de una educaci\u00f3n \u201cque acompa\u00f1a a los vaivenes de la econom\u00eda\u201d.<\/p>\n<p>\u201cPor eso si analizamos la ense\u00f1anza t\u00e9cnica debemos reflejarla con el sistema productivo y con el sistema econ\u00f3mico del pa\u00eds, la localidad y de la provincia\u201d, observ\u00f3 para expresar luego la necesidad de \u201crecuperar la escuela\u201d y en ese marco aludi\u00f3 a una de las propuestas de llevar adelante \u201cuna mayor consolidaci\u00f3n de los contenidos pedag\u00f3gicos hacia el interior de la escuela\u201d.<\/p>\n<p>\u201cPara poder mejorar esto necesitamos poner en observaciones cu\u00e1les son las necesidades productivas que necesita la provincia y nuestras localidades para poder impulsar procesos dentro de las escuelas t\u00e9cnicas\u201d, asegur\u00f3.<\/p>\n<p>La vinculaci\u00f3n entre el CGE y el Ministerio de Educaci\u00f3n de la Naci\u00f3n en el marco de la pandemia fue otro de los puntos abordados por el postulante a partir de una intervenci\u00f3n del senador Armando Gay. A modo de respuesta, coment\u00f3 que esta relaci\u00f3n se desarrolla \u201ca trav\u00e9s de distintas maneras\u201d y que se ha recurrido \u201ca todo tipo de plataformas educativas\u201d entre las que mencion\u00f3 \u201clas reuniones virtuales\u201d donde \u201cse van delineando las pol\u00edticas cuyos proyectos l\u00f3gicamente han cambiado por el contexto que estamos atravesando, pero nunca se han detenidos sino que se han postergado o replanteado a la luz de la exigencia de la problem\u00e1tica que estamos viviendo\u201d.<\/p>\n<p>Mencion\u00f3 tambi\u00e9n que a partir de una resoluci\u00f3n del CGE, se le ha dado autonom\u00eda a las instituciones para que puedan planificar el proceso de comunicaci\u00f3n con sus alumnos y tras se\u00f1alar que \u201cla educaci\u00f3n ser\u00e1 la \u00faltima en volver a una normalidad\u201d, hizo saber que la emergencia sanitaria \u201cnos hace replantear un nuevo calendario escolar que facilite el proceso que debe complementarse al final en la trayectoria de cada educador\u201d.<\/p>\n<p>Luego de que el senador Rub\u00e9n Dal Mol\u00edn le brindara el apoyo del municipio de Chajar\u00ed para continuar con el trabajo mancomunado con la Educaci\u00f3n T\u00e9cnica, Jos\u00e9 se refiri\u00f3 a la importancia de los cursos de capacitaci\u00f3n profesional: \u201cHay que ser muy conscientes de que cuando uno brinda un curso de capacitaci\u00f3n profesional brinda una posibilidad para una persona que puede ser su vida, su trayectoria hasta el resto de su vida. Es por eso que queremos formalizar esas propuestas y que tengan su reconocimiento a nivel nacional como corresponde\u201d, concluy\u00f3.<\/p>\n<p>&nbsp;<\/p>\n<p><strong>Exequiel Coronoffo<\/strong><\/p>\n<p>Posteriormente expuso el profesor Exequiel Carlos Dami\u00e1n Coronoffo, quien se refiri\u00f3 a sus inicios como estudiante, defini\u00e9ndose como un \u201cproducto de la escuela p\u00fablica y eso me llena de orgullo\u201d. Y agreg\u00f3: \u201cSoy docente de ciencias pol\u00edticas, desde muy joven tuve el inter\u00e9s por la ciencias sociales y fue lo que siempre me gusto y me motivo, es por eso que eleg\u00ed ser docente, es por eso que hoy estoy ac\u00e1 para defender un proyecto educativo\u201d<\/p>\n<p>En el marco de la audiencia el senador Amilcar Genre Bert (La Paz) procedi\u00f3 a realizar la primera pregunta: \u201c\u00bfEn qu\u00e9 aspecto considera que hay que trabajar o centrarse para lograr aquello que proponen de instalar al conocimiento como un eje del desarrollo productivo, econ\u00f3mico, la humana y las injusticias sociales?\u201d.<\/p>\n<p>\u201cNosotros en nuestro plan educativo, tenemos una serie de ejes que tienden justamente a revertir todas estas cosas. Tienen que ver con fortalecer el proceso de ense\u00f1anza y aprendizaje, porque una provincia que tiende y quiere generar desarrollos tiene que poner el conocimiento en el centro de la escena y por eso debemos atender a un sistema educativo muy \u00e1gil y que est\u00e9 a la altura de las circunstancias\u201d, explic\u00f3 el docente. En el mismo sentido hizo referencia al pedido del gobernador Gustavo Bordet sobre trabajar en pos de la inclusi\u00f3n social y pedag\u00f3gica, y remarc\u00f3: \u201cNuestro sistema educativo debe ser altamente inclusivo, todos los estudiantes de nuestra provincia y de todos los niveles y modalidades, tienen que estar dentro del aula\u201d.<\/p>\n<p>Tambi\u00e9n resalt\u00f3 la importancia de profundizar los v\u00ednculos entre la escuela, el mundo del trabajo y la producci\u00f3n: \u201cEsto tiene que ver con las escuelas t\u00e9cnicas y agrot\u00e9cnicas. Las empresas entrerrianas necesitan que los estudiantes est\u00e9n bien formados porque luego ser\u00e1n sus trabajadores\u201d acot\u00f3 el docente.<\/p>\n<p>La senadora Nancy Mirando (Federal) pregunt\u00f3 por la propuesta para la modalidad de ense\u00f1anza de j\u00f3venes y adultos, teniendo en cuenta especialmente que Coronoffo tiene experiencia en ese aspecto, habiendo sido incluso director de Educaci\u00f3n de J\u00f3venes y Adultos del Consejo General de Educaci\u00f3n.<\/p>\n<p>\u201cFui seis a\u00f1os director de J\u00f3venes y Adultos, ha sido central en mi vida como profesional y docente, pero tambi\u00e9n molde\u00f3 mi realidad de comprender la pol\u00edtica y educativa en relaci\u00f3n que se trabaja con un sujeto que est\u00e1 postergado\u201d. Tambi\u00e9n resalt\u00f3 el gran desaf\u00edo y el compromiso con los diferentes planes para que los j\u00f3venes y adultos de la provincia puedan culminar sus estudios, concluy\u00f3.<\/p>\n<p>&nbsp;<\/p>\n<p><strong>Griselda Di Lello<\/strong><\/p>\n<p>Unos minutos despu\u00e9s del mediod\u00eda, fue el turno de la docente Griselda Mercedes Di Lello, tambi\u00e9n propuesta para vocal. \u201cTuve la oportunidad de pasar pasito a pasito por cada uno de los lugares del sistema Educativo, pero estar en el Departamental de Escuelas fue uno de los lugares m\u00e1s desafiantes. Si todos ustedes me permiten, yo lo llamo un lugar de trinchera, donde te encuentras cara a cara con el otro, con el contexto, con el aqu\u00ed y el ahora, con el resolver la situaci\u00f3n puntual en el momento\u201d, afirm\u00f3.<\/p>\n<p>En el mismo sentido resalt\u00f3: \u201cAll\u00ed adquir\u00ed el sentido del trabajo, debemos trabajar en equipo, de saber trabajar positivamente y codo a codo. Es muy importante tener la capacidad de escuchar, de escuchar el problema que se presenta hoy, de sentarme y tomarme mi tiempo y saber lo que pasa en el territorio, saber y escuchar que le pasa a ese director, escuchar a ese habitante, a ese ciudadano que est\u00e1n todos los d\u00edas y vienen a decirte que tienen una necesidad de trabajo. Pero tambi\u00e9n se trata de escuchar a la ordenanza, al maestro, al padre y escuchar al alumno, al estudiante, y saber que la voz del estudiante es la que nos va a permitir a cada uno de nosotros hacer la escuela y elaborar la propuesta, porque de lo contrario estaremos armando propuestas educativas descontextualizadas. Es muy importante ensamblar la pedagog\u00eda con lo cotidiano, y hay que poder trabajar en ella\u201d.<\/p>\n<p>Y afirm\u00f3: \u201cVine al Consejo General de Educaci\u00f3n, a acompa\u00f1ar la gesti\u00f3n del presidente Mart\u00edn M\u00fcller y de nuestro gobernador Gustavo Bordet, para que la educaci\u00f3n entrerriana realmente alcance a ser esa educaci\u00f3n de calidad de la que tanto hablamos. Pero con este trabajo en equipo y con el otro, con mesas intersectoriales y, abriendo el abanico, entrelaz\u00e1ndonos con las instituciones, vamos a salir a adelante teniendo como prioridad una propuesta pedag\u00f3gica, y la mirada puesta siempre en el estudiante, que es el sujeto de derecho y el que le da la raz\u00f3n de ser a nuestras escuelas\u201d sostuvo con una gran seguridad.<\/p>\n<p>Ante la consulta del senador Marcelo Berthet (San Salvador) acerca de su postura frente a la educaci\u00f3n sexual integral, Di Lello respondi\u00f3: \u201cLa educaci\u00f3n Sexual Integral (Ley 26.150), es uno de nuestros ejes transversales en nuestra pol\u00edtica educativa, hoy estamos repensando si entendemos el t\u00e9rmino de transversalidad, muchas veces no se entiende lo que es la ESI y en ese caso tenemos una dificultad ya que si uno no lo entendi\u00f3, tampoco podr\u00e1 transmitir la ense\u00f1anza. Tenemos much\u00edsimas cosas que reforzar, mantener y cambiar\u201d.<\/p>\n<p>&nbsp;<\/p>\n<p><strong>El procedimiento<\/strong><\/p>\n<p>Una vez cumplida esta instancia, resta que la comisi\u00f3n que encabeza Amavet elabore un dictamen fundado, argumentando sobre la aprobaci\u00f3n o rechazo de los pliegos propuestos.<\/p>\n<p>Cabe destacar que es una atribuci\u00f3n exclusiva del Senado prestar o negar acuerdo al Poder Ejecutivo en audiencia p\u00fablica para el nombramiento de las autoridades del Consejo General de Educaci\u00f3n.<\/p>\n","protected":false},"excerpt":{"rendered":"<p>Los candidatos a ocupar las vocal\u00edas en el Consejo General de Educaci\u00f3n, Humberto Javier Jos\u00e9, Exequiel Coronoffo y Griselda Mercedes Di Lello, expusieron este martes ante la Comisi\u00f3n de Asuntos Constitucionales y Acuerdos del Senado, sobre diversos aspectos relacionados a la funci\u00f3n a desarrollar &nbsp; &nbsp; Las audiencias se llevaron adelante en el recinto del Senado y all\u00ed estuvieron presentes el presidente de la Comisi\u00f3n, Horacio Amavet (FJ Creer ER) y los senadores integrantes del cuerpo: Armando Gay (presidente del Bloque FJ Creer ER), Rub\u00e9n Dal Mol\u00edn (JxC), Gast\u00f3n Bagnat&#8230;<\/p>\n","protected":false},"author":3,"featured_media":61613,"comment_status":"closed","ping_status":"closed","sticky":false,"template":"","format":"standard","meta":[],"categories":[15],"tags":[],"_links":{"self":[{"href":"https:\/\/www.actualidadadiario.com\/index.php\/wp-json\/wp\/v2\/posts\/61612"}],"collection":[{"href":"https:\/\/www.actualidadadiario.com\/index.php\/wp-json\/wp\/v2\/posts"}],"about":[{"href":"https:\/\/www.actualidadadiario.com\/index.php\/wp-json\/wp\/v2\/types\/post"}],"author":[{"embeddable":true,"href":"https:\/\/www.actualidadadiario.com\/index.php\/wp-json\/wp\/v2\/users\/3"}],"replies":[{"embeddable":true,"href":"https:\/\/www.actualidadadiario.com\/index.php\/wp-json\/wp\/v2\/comments?post=61612"}],"version-history":[{"count":1,"href":"https:\/\/www.actualidadadiario.com\/index.php\/wp-json\/wp\/v2\/posts\/61612\/revisions"}],"predecessor-version":[{"id":61614,"href":"https:\/\/www.actualidadadiario.com\/index.php\/wp-json\/wp\/v2\/posts\/61612\/revisions\/61614"}],"wp:featuredmedia":[{"embeddable":true,"href":"https:\/\/www.actualidadadiario.com\/index.php\/wp-json\/wp\/v2\/media\/61613"}],"wp:attachment":[{"href":"https:\/\/www.actualidadadiario.com\/index.php\/wp-json\/wp\/v2\/media?parent=61612"}],"wp:term":[{"taxonomy":"category","embeddable":true,"href":"https:\/\/www.actualidadadiario.com\/index.php\/wp-json\/wp\/v2\/categories?post=61612"},{"taxonomy":"post_tag","embeddable":true,"href":"https:\/\/www.actualidadadiario.com\/index.php\/wp-json\/wp\/v2\/tags?post=61612"}],"curies":[{"name":"wp","href":"https:\/\/api.w.org\/{rel}","templated":true}]}}