{"id":61609,"date":"2020-05-20T12:13:44","date_gmt":"2020-05-20T15:13:44","guid":{"rendered":"https:\/\/www.actualidadadiario.com\/?p=61609"},"modified":"2020-05-20T12:13:44","modified_gmt":"2020-05-20T15:13:44","slug":"reconocen-la-tarea-y-el-esfuerzo-que-realizan-los-docentes-entrerrianos","status":"publish","type":"post","link":"https:\/\/www.actualidadadiario.com\/index.php\/2020\/05\/20\/reconocen-la-tarea-y-el-esfuerzo-que-realizan-los-docentes-entrerrianos\/","title":{"rendered":"Reconocen la tarea y el esfuerzo que realizan los docentes entrerrianos"},"content":{"rendered":"<p style=\"text-align: center;\"><em><strong>Desde el Consejo General de Educaci\u00f3n se inform\u00f3 sobre las acciones que se realizan durante la pandemia, sobre todo con la ense\u00f1anza virtual. El titular del organismo realiz\u00f3 un especial reconocimiento a los docentes. Tambi\u00e9n inform\u00f3 sobre la entrega de cuadernillo con contenidos educativos<\/strong><\/em><\/p>\n<p>&nbsp;<\/p>\n<p>&nbsp;<\/p>\n<p>El titular del CGE, Mart\u00edn M\u00fcller, transmiti\u00f3 el reconocimiento del Estado provincial y desde el CGE \u201ca la enorme tarea y el esfuerzo que han realizado y realizan diariamente nuestros docentes y profesores, sabiendo que no estaban preparados de antemano para afrontar el desaf\u00edo que significa la educaci\u00f3n remota y el hecho de no poder estar en un aula compartiendo el d\u00eda a d\u00eda con nuestros estudiantes. Sin embargo, lo han asumido con una enorme responsabilidad y compromiso sabiendo que requiere aprender nuevas formas diariamente y encontrarnos en terrenos que muchas veces resultan desconocidos\u201d, remarc\u00f3 durante la conferencia de prensa virtual de este martes.<\/p>\n<p>Y agreg\u00f3: \u201cLos acompa\u00f1amos en eso, sabemos que hoy la prioridad tiene que estar en el cuidado y la contenci\u00f3n, en el no sentirnos solos frente a una situaci\u00f3n que a todos nos angustia, y por eso queremos valorar el trabajo de los docentes y el acompa\u00f1amiento de las familias para que esa tarea tenga una contenci\u00f3n y una respuesta de parte de padres, madres y familiares junto a nuestros estudiantes. Que sepan todos los actores de nuestro sistema educativo que el Estado provincial est\u00e1 presente para acompa\u00f1arlos y reconocerlos\u201d, complet\u00f3 M\u00fcller.<\/p>\n<p>&nbsp;<\/p>\n<p><strong>Entrega de cuadernillos<\/strong><\/p>\n<p>Por otro lado, el funcionario coment\u00f3 que &#8220;se viene desarrollando muy bien la entrega de los cuadernillos de Seguimos Educando; ya van tres ediciones y para la cuarta y quinta edici\u00f3n est\u00e1n contempladas propuestas federales. Nuestros equipos de la provincia, con los contenidos que ya est\u00e1n desarrollando en el portal Aprender, van a poder encontrar esos mismos contenidos que contemplan la realidad de los estudiantes en el interior del pa\u00eds y no solamente en el entorno de la ciudad de Buenos Aires y la zona metropolitana, para hacer contenidos que sean cercanos en t\u00e9rminos del contexto\u201d.<\/p>\n<p>&nbsp;<\/p>\n<p><strong>Evaluaci\u00f3n<\/strong><\/p>\n<p>Adem\u00e1s, M\u00fcller inform\u00f3 sobre la reuni\u00f3n nacional mantenida d\u00edas atr\u00e1s en el marco del Consejo Federal de Educaci\u00f3n y dijo que all\u00ed se defini\u00f3 suspender por este a\u00f1o la prueba Aprender, que eval\u00faa los contenidos y el desarrollo de la calidad educativa en todo el pa\u00eds, y apunt\u00f3 que esta ser\u00e1 reemplazada por una evaluaci\u00f3n que se va a realizar en las pr\u00f3ximas semanas \u201cpara tener una informaci\u00f3n precisa y concreta de c\u00f3mo se ha desarrollado en todo el pa\u00eds la continuidad pedag\u00f3gica con estos nuevos esquemas, en funci\u00f3n de la situaci\u00f3n excepcional de la pandemia\u201d.<\/p>\n<p>Se\u00f1al\u00f3 luego que en &#8220;la necesidad de priorizar la salud que ha llevado a partir del 16 de marzo a suspender las clases de manera presencial, la provincia de Entre R\u00edos ha sostenido una propuesta que denominamos Contenidos en Casa, a los fines de garantizar la continuidad pedag\u00f3gica de nuestros estudiantes&#8221;.<\/p>\n<p>Explic\u00f3 que esta situaci\u00f3n tiene etapas y que actualmente se est\u00e1 transitando la tercera de ellas, \u201cque para nosotros es central y tiene que ver con evaluar lo que se est\u00e1 realizando y lo que se ha podido realizar en un contexto diferente como el que vivimos\u201d.<\/p>\n<p>En ese sentido, indic\u00f3 que el viernes \u00faltimo se realiz\u00f3 una reuni\u00f3n del Consejo Federal de Educaci\u00f3n, donde est\u00e1n presentes todos los representantes de las provincias, a los fines de evaluar lo que se ha hecho hasta el momento y tomar definiciones al respecto, y explic\u00f3: \u201cEn esto es muy importante la resoluci\u00f3n 363, que establece para todo el pa\u00eds algo que nosotros en la provincia ya hab\u00edamos previsto en t\u00e9rminos de c\u00f3mo entender la evaluaci\u00f3n y de qu\u00e9 manera apropiarnos como docentes y escuelas de lo que se ha podido hacer en todo este tiempo\u201d, apunt\u00f3 finalmente.<\/p>\n","protected":false},"excerpt":{"rendered":"<p>Desde el Consejo General de Educaci\u00f3n se inform\u00f3 sobre las acciones que se realizan durante la pandemia, sobre todo con la ense\u00f1anza virtual. El titular del organismo realiz\u00f3 un especial reconocimiento a los docentes. Tambi\u00e9n inform\u00f3 sobre la entrega de cuadernillo con contenidos educativos &nbsp; &nbsp; El titular del CGE, Mart\u00edn M\u00fcller, transmiti\u00f3 el reconocimiento del Estado provincial y desde el CGE \u201ca la enorme tarea y el esfuerzo que han realizado y realizan diariamente nuestros docentes y profesores, sabiendo que no estaban preparados de antemano para afrontar el desaf\u00edo&#8230;<\/p>\n","protected":false},"author":3,"featured_media":61610,"comment_status":"closed","ping_status":"closed","sticky":false,"template":"","format":"standard","meta":[],"categories":[9],"tags":[],"_links":{"self":[{"href":"https:\/\/www.actualidadadiario.com\/index.php\/wp-json\/wp\/v2\/posts\/61609"}],"collection":[{"href":"https:\/\/www.actualidadadiario.com\/index.php\/wp-json\/wp\/v2\/posts"}],"about":[{"href":"https:\/\/www.actualidadadiario.com\/index.php\/wp-json\/wp\/v2\/types\/post"}],"author":[{"embeddable":true,"href":"https:\/\/www.actualidadadiario.com\/index.php\/wp-json\/wp\/v2\/users\/3"}],"replies":[{"embeddable":true,"href":"https:\/\/www.actualidadadiario.com\/index.php\/wp-json\/wp\/v2\/comments?post=61609"}],"version-history":[{"count":1,"href":"https:\/\/www.actualidadadiario.com\/index.php\/wp-json\/wp\/v2\/posts\/61609\/revisions"}],"predecessor-version":[{"id":61611,"href":"https:\/\/www.actualidadadiario.com\/index.php\/wp-json\/wp\/v2\/posts\/61609\/revisions\/61611"}],"wp:featuredmedia":[{"embeddable":true,"href":"https:\/\/www.actualidadadiario.com\/index.php\/wp-json\/wp\/v2\/media\/61610"}],"wp:attachment":[{"href":"https:\/\/www.actualidadadiario.com\/index.php\/wp-json\/wp\/v2\/media?parent=61609"}],"wp:term":[{"taxonomy":"category","embeddable":true,"href":"https:\/\/www.actualidadadiario.com\/index.php\/wp-json\/wp\/v2\/categories?post=61609"},{"taxonomy":"post_tag","embeddable":true,"href":"https:\/\/www.actualidadadiario.com\/index.php\/wp-json\/wp\/v2\/tags?post=61609"}],"curies":[{"name":"wp","href":"https:\/\/api.w.org\/{rel}","templated":true}]}}