{"id":61606,"date":"2020-05-20T12:13:00","date_gmt":"2020-05-20T15:13:00","guid":{"rendered":"https:\/\/www.actualidadadiario.com\/?p=61606"},"modified":"2020-05-20T12:13:00","modified_gmt":"2020-05-20T15:13:00","slug":"los-resultados-son-satisfactorios-pero-nos-instan-a-redoblar-los-esfuerzos-dijo-bordet","status":"publish","type":"post","link":"https:\/\/www.actualidadadiario.com\/index.php\/2020\/05\/20\/los-resultados-son-satisfactorios-pero-nos-instan-a-redoblar-los-esfuerzos-dijo-bordet\/","title":{"rendered":"\u201cLos resultados son satisfactorios pero nos instan a redoblar los esfuerzos\u201d, dijo Bordet"},"content":{"rendered":"<p style=\"text-align: center;\"><em><strong>Al realizar un balance de la evoluci\u00f3n de la pandemia y del trabajo realizado en Entre R\u00edos, el gobernador Gustavo Bordet dijo que \u201clos resultados son positivos\u201d. Inform\u00f3 que la provincia invirti\u00f3 672 millones de pesos en infraestructura y contenci\u00f3n sanitaria y social para los municipios<\/strong><\/em><\/p>\n<p>&nbsp;<\/p>\n<p>&nbsp;<\/p>\n<p>\u201cHemos evaluado en el transcurso de estos d\u00edas las medidas que tomamos oportunamente en cuanto a la apertura de nuevos comercios, de servicios y nuevas actividades, entre ellas las recreativas para la poblaci\u00f3n de la provincia, y los resultados que tenemos son satisfactorios. Esta situaci\u00f3n nos insta y nos interpela a seguir redoblando esfuerzos y trabajando de la misma manera&#8221;, dijo el gobernador Gustavo Bordet a dar cuenta en la conferencia virtual de este martes de la evoluci\u00f3n de la pandemia a Entre R\u00edos y del trabajo realizado para su contenci\u00f3n.<\/p>\n<p>&#8220;Como resultados positivos podemos decir que en la \u00faltima semana no hemos registrado nuevos casos positivos de Covid y en los \u00faltimos 15 d\u00edas s\u00f3lo se confirm\u00f3 uno en la provincia. No tenemos circulaci\u00f3n activa y estamos reforzando los controles en todos los accesos a Entre R\u00edos&#8221;, continu\u00f3 el mandatario.<\/p>\n<p>En Entre R\u00edos siguen siendo 29 los casos de Covid confirmados de los cuales 22 pacientes ya se recuperaron. No hay casos en estudio, fueron 855 los casos que se han descartados y 884 los notificados.<\/p>\n<p>&#8220;Esto no es fruto de la casualidad, sino del trabajo realizado por un formidable equipo de epidemi\u00f3logos, de m\u00e9dicos, de profesionales, de enfermeros, de enfermeras, de agentes sanitarios que est\u00e1n en la primera l\u00ednea atendiendo las particularidades que nos presenta la pandemia. Y tambi\u00e9n ha sido posible por el enorme esfuerzo que toda la poblaci\u00f3n entrerriana ha hecho en las distintas etapas, cuando fue el auto aislamiento preventivo, social y obligatorio, y ahora donde se habilitaron nuevas medidas que administran la pandemia&#8221;.<\/p>\n<p>Luego Bordet dijo que importante poder seguir trabajando de la misma manera y teniendo las mismas normas de conducta \u201cpara poder continuar en el futuro presentando nuevas posibilidades que vayan superando progresiva y paulatinamente la pandemia&#8221;.<\/p>\n<p>&nbsp;<\/p>\n<p><strong>Inversi\u00f3n<\/strong><\/p>\n<p>Por otra parte, el mandatario inform\u00f3 que en estos dos meses de pandemia la provincia ha invertido 672 millones de pesos de recursos propios para todos los municipios entrerrianos, \u201cpara atender las dificultades que presenta el desaf\u00edo de atenuar los contagios de coronavirus\u201d.<\/p>\n<p>Detall\u00f3 que en materia de infraestructura se han realizado intervenciones en 29 hospitales la provincia, donde se destacan los trabajos realizados en el hospital de La Baxada, de Paran\u00e1; en el hospital Centenario, de Gualeguaych\u00fa; y en el hospital Masvernat de Concordia. \u201cHemos aumentado al doble la capacidad de camas con respiradores, con lo cual estamos preparados para que eventualmente si se produce un pico de contagio podamos tener la poblaci\u00f3n contenida&#8221;, indic\u00f3 Bordet, y subray\u00f3: &#8220;Ha sido un gran esfuerzo y lo hemos hecho en \u00e1reas de Salud con refacciones de hospitales, con equipamiento, con insumos, pero tambi\u00e9n lo hicimos atendiendo el desarrollo social para poder llegar a cientos de familias que hoy est\u00e1n requiriendo asistencia alimentaria\u201d.<\/p>\n<p>Explic\u00f3 que se distribuyeron alimentos adquiridos con recursos propios en todos los municipios de la provincia, \u201cen forma equitativa de acuerdo a criterios de coparticipaci\u00f3n para que nadie se vea beneficiado o nadie se vea perjudicado seg\u00fan sea el caso o la situaci\u00f3n&#8221;, aclar\u00f3.<\/p>\n<p>Dijo que tambi\u00e9n se ha invertido en generar adicionales a las personas que est\u00e1n trabajando en el frente m\u00e1s cercado de la enfermedad, es decir el personal de salud, los que atienden comedores escolares para poder llevar las viandas y el personal policial que est\u00e1 realizando los controles; y que adem\u00e1s se ha trabajado en \u00e1reas que est\u00e1n directamente relacionadas con la ocupaci\u00f3n general de la pandemia. \u201cPor eso es importante destacar que, pese a las dificultades en lo econ\u00f3mico, hemos abarcado la casi totalidad de los desaf\u00edos que se nos presentaban como provincia&#8221;, indic\u00f3 el gobernador.<\/p>\n<p>Tambi\u00e9n Bordet sostuvo que se ha trabajado articulando y generando pol\u00edticas \u201ccon una sinergia com\u00fan con el sector privado que ha visto mermada su capacidad productiva, que ha visto la dificultad en la apertura de sus negocios o la ca\u00edda de las ventas, y en esto ha habido y habr\u00e1 un acompa\u00f1amiento en este tiempo de la pandemia y tambi\u00e9n despu\u00e9s que la superemos&#8221;.<\/p>\n<p>&nbsp;<\/p>\n<p><strong>Articulaci\u00f3n<\/strong><\/p>\n<p>Luego el gobernador se refiri\u00f3 a la tarea articulada con el gobierno nacional y expres\u00f3: &#8220;Quiero tambi\u00e9n transmitir que durante esta semana estamos y seguiremos estando en contacto permanente con las autoridades sanitarias del gobierno nacional para ir determinando qu\u00e9 medidas iremos tomando a futuro para poder seguir avanzando con este cuadro de situaci\u00f3n que hoy se nos presenta. Por eso es que hago esta convocatoria a seguir trabajando de la misma manera, a seguir aunando esfuerzos para lograr los resultados que estamos teniendo. Es un trabajo arduo, cotidiano y que nos cabe a todos en mayor o menor responsabilidad. Estos son tiempos de generar pol\u00edticas p\u00fablicas que nos den una sinton\u00eda para poder lograr estos resultados&#8221;.<\/p>\n<p>Por \u00faltimo el gobernador, dirigi\u00f3 su mensaje a toda la ciudadan\u00eda y manifest\u00f3: &#8220;Quiero agradecerles como siempre no solo a los equipos de salud, sino tambi\u00e9n al acompa\u00f1amiento general de la poblaci\u00f3n que siempre ha estado dispuesta a colaborar con lo que tienen a su alcance con la mejor buena voluntad para superar los obst\u00e1culos que nos presenta la pandemia. Entendemos que si seguimos trabajando de esta manera podemos tener los resultados que todos queremos cuanto antes&#8221;, complet\u00f3 Bordet.<\/p>\n","protected":false},"excerpt":{"rendered":"<p>Al realizar un balance de la evoluci\u00f3n de la pandemia y del trabajo realizado en Entre R\u00edos, el gobernador Gustavo Bordet dijo que \u201clos resultados son positivos\u201d. Inform\u00f3 que la provincia invirti\u00f3 672 millones de pesos en infraestructura y contenci\u00f3n sanitaria y social para los municipios &nbsp; &nbsp; \u201cHemos evaluado en el transcurso de estos d\u00edas las medidas que tomamos oportunamente en cuanto a la apertura de nuevos comercios, de servicios y nuevas actividades, entre ellas las recreativas para la poblaci\u00f3n de la provincia, y los resultados que tenemos son&#8230;<\/p>\n","protected":false},"author":3,"featured_media":61607,"comment_status":"closed","ping_status":"closed","sticky":false,"template":"","format":"standard","meta":[],"categories":[9],"tags":[],"_links":{"self":[{"href":"https:\/\/www.actualidadadiario.com\/index.php\/wp-json\/wp\/v2\/posts\/61606"}],"collection":[{"href":"https:\/\/www.actualidadadiario.com\/index.php\/wp-json\/wp\/v2\/posts"}],"about":[{"href":"https:\/\/www.actualidadadiario.com\/index.php\/wp-json\/wp\/v2\/types\/post"}],"author":[{"embeddable":true,"href":"https:\/\/www.actualidadadiario.com\/index.php\/wp-json\/wp\/v2\/users\/3"}],"replies":[{"embeddable":true,"href":"https:\/\/www.actualidadadiario.com\/index.php\/wp-json\/wp\/v2\/comments?post=61606"}],"version-history":[{"count":1,"href":"https:\/\/www.actualidadadiario.com\/index.php\/wp-json\/wp\/v2\/posts\/61606\/revisions"}],"predecessor-version":[{"id":61608,"href":"https:\/\/www.actualidadadiario.com\/index.php\/wp-json\/wp\/v2\/posts\/61606\/revisions\/61608"}],"wp:featuredmedia":[{"embeddable":true,"href":"https:\/\/www.actualidadadiario.com\/index.php\/wp-json\/wp\/v2\/media\/61607"}],"wp:attachment":[{"href":"https:\/\/www.actualidadadiario.com\/index.php\/wp-json\/wp\/v2\/media?parent=61606"}],"wp:term":[{"taxonomy":"category","embeddable":true,"href":"https:\/\/www.actualidadadiario.com\/index.php\/wp-json\/wp\/v2\/categories?post=61606"},{"taxonomy":"post_tag","embeddable":true,"href":"https:\/\/www.actualidadadiario.com\/index.php\/wp-json\/wp\/v2\/tags?post=61606"}],"curies":[{"name":"wp","href":"https:\/\/api.w.org\/{rel}","templated":true}]}}