{"id":61581,"date":"2020-05-19T16:14:29","date_gmt":"2020-05-19T19:14:29","guid":{"rendered":"https:\/\/www.actualidadadiario.com\/?p=61581"},"modified":"2020-05-19T16:14:29","modified_gmt":"2020-05-19T19:14:29","slug":"massa-tenemos-que-ir-a-una-reforma-tributaria-mas-justa-federal-y-progresiva","status":"publish","type":"post","link":"https:\/\/www.actualidadadiario.com\/index.php\/2020\/05\/19\/massa-tenemos-que-ir-a-una-reforma-tributaria-mas-justa-federal-y-progresiva\/","title":{"rendered":"Massa: &#8220;Tenemos que ir a una reforma tributaria m\u00e1s justa, federal y progresiva&#8221;"},"content":{"rendered":"<p style=\"text-align: center;\"><em><strong>El titular de la C\u00e1mara baja apoy\u00f3 las medidas adoptadas por el Gobierno Nacional frente al coronavirus<\/strong><\/em><\/p>\n<p>&nbsp;<\/p>\n<p>&nbsp;<\/p>\n<p>El titular de la C\u00e1mara baja, Sergio Massa, apoy\u00f3 las medidas adoptadas por el Gobierno Nacional frente al Covid-19 y destac\u00f3 que \u201cel presidente Alberto Fern\u00e1ndez tom\u00f3 el camino m\u00e1s dif\u00edcil, el de pedirle a los argentinos que hagan el esfuerzo y se queden en sus casas\u201d.<\/p>\n<p>\u201cEl desaf\u00edo de superar esta pandemia defendiendo la vida debe ser un compromiso asumido de toda la sociedad\u201d, dijo en declaraciones a &#8220;Conflicto de intereses&#8221;, programa conducido por Juan Amorin, por C5N.<\/p>\n<p>Massa se\u00f1al\u00f3 que \u201clo que la Argentina necesita en la salida de la pandemia no es simplemente encontrar una soluci\u00f3n a algunos problemas, sino aprovecha la coyuntura para generar grandes transformaciones sobre los problemas que ya ten\u00edamos y que con la pandemia se profundizaron\u201d.<\/p>\n<p>En ese sentido, el presidente de Diputados remarc\u00f3: \u201cTenemos que ir a una reforma tributaria estructural, m\u00e1s justa, federal y progresiva\u201d.<\/p>\n<p>Y agreg\u00f3 que \u201cir a un r\u00e9gimen tributario m\u00e1s justo, premiando a la generaci\u00f3n empleo y la inversi\u00f3n, y castigando la especulaci\u00f3n financiera, la renta f\u00e1cil y la fuga de capitales, es una responsabilidad de toda la dirigencia pol\u00edtica\u201d.<\/p>\n<p>\u201cEn la Argentina, existe la particularidad de que por el sistema impositivo quien menos tiene es quien proporcionalmente m\u00e1s impuestos paga\u201d, continu\u00f3.<\/p>\n<p>Por \u00faltimo, Sergio Massa reafirm\u00f3 el compromiso del Gobierno para con la sociedad y frente al coronavirus, y expres\u00f3: \u201cNo solo tenemos que proteger a los argentinos, sino mostrarles que hay un camino de salida despu\u00e9s de la pandemia. Cada paso que demos salir para salir de la pandemia, devolverle la esperanza al que tiene un comercio, un empleo, una pyme, o vive de changas es muy importante.\u201d.<\/p>\n","protected":false},"excerpt":{"rendered":"<p>El titular de la C\u00e1mara baja apoy\u00f3 las medidas adoptadas por el Gobierno Nacional frente al coronavirus &nbsp; &nbsp; El titular de la C\u00e1mara baja, Sergio Massa, apoy\u00f3 las medidas adoptadas por el Gobierno Nacional frente al Covid-19 y destac\u00f3 que \u201cel presidente Alberto Fern\u00e1ndez tom\u00f3 el camino m\u00e1s dif\u00edcil, el de pedirle a los argentinos que hagan el esfuerzo y se queden en sus casas\u201d. \u201cEl desaf\u00edo de superar esta pandemia defendiendo la vida debe ser un compromiso asumido de toda la sociedad\u201d, dijo en declaraciones a &#8220;Conflicto de&#8230;<\/p>\n","protected":false},"author":3,"featured_media":59604,"comment_status":"closed","ping_status":"closed","sticky":false,"template":"","format":"standard","meta":[],"categories":[18],"tags":[],"_links":{"self":[{"href":"https:\/\/www.actualidadadiario.com\/index.php\/wp-json\/wp\/v2\/posts\/61581"}],"collection":[{"href":"https:\/\/www.actualidadadiario.com\/index.php\/wp-json\/wp\/v2\/posts"}],"about":[{"href":"https:\/\/www.actualidadadiario.com\/index.php\/wp-json\/wp\/v2\/types\/post"}],"author":[{"embeddable":true,"href":"https:\/\/www.actualidadadiario.com\/index.php\/wp-json\/wp\/v2\/users\/3"}],"replies":[{"embeddable":true,"href":"https:\/\/www.actualidadadiario.com\/index.php\/wp-json\/wp\/v2\/comments?post=61581"}],"version-history":[{"count":1,"href":"https:\/\/www.actualidadadiario.com\/index.php\/wp-json\/wp\/v2\/posts\/61581\/revisions"}],"predecessor-version":[{"id":61582,"href":"https:\/\/www.actualidadadiario.com\/index.php\/wp-json\/wp\/v2\/posts\/61581\/revisions\/61582"}],"wp:featuredmedia":[{"embeddable":true,"href":"https:\/\/www.actualidadadiario.com\/index.php\/wp-json\/wp\/v2\/media\/59604"}],"wp:attachment":[{"href":"https:\/\/www.actualidadadiario.com\/index.php\/wp-json\/wp\/v2\/media?parent=61581"}],"wp:term":[{"taxonomy":"category","embeddable":true,"href":"https:\/\/www.actualidadadiario.com\/index.php\/wp-json\/wp\/v2\/categories?post=61581"},{"taxonomy":"post_tag","embeddable":true,"href":"https:\/\/www.actualidadadiario.com\/index.php\/wp-json\/wp\/v2\/tags?post=61581"}],"curies":[{"name":"wp","href":"https:\/\/api.w.org\/{rel}","templated":true}]}}