{"id":61579,"date":"2020-05-19T16:13:47","date_gmt":"2020-05-19T19:13:47","guid":{"rendered":"https:\/\/www.actualidadadiario.com\/?p=61579"},"modified":"2020-05-19T16:13:47","modified_gmt":"2020-05-19T19:13:47","slug":"el-fdt-defendio-el-dnu-que-autoriza-al-jefe-de-gabinete-a-reasignar-partidas-presupuestarias","status":"publish","type":"post","link":"https:\/\/www.actualidadadiario.com\/index.php\/2020\/05\/19\/el-fdt-defendio-el-dnu-que-autoriza-al-jefe-de-gabinete-a-reasignar-partidas-presupuestarias\/","title":{"rendered":"El FdT defendi\u00f3 el DNU que autoriza al Jefe de Gabinete a reasignar partidas presupuestarias"},"content":{"rendered":"<p style=\"text-align: center;\"><em><strong>La Bicameral de Tr\u00e1mite Legislativo tuvo su segunda reuni\u00f3n de manera telem\u00e1tica. En ella, los legisladores opositores cuestionaron fuertemente los llamados \u201csuperpoderes\u201d a Santiago Cafiero. Un acalorado debate<\/strong><\/em><\/p>\n<p>&nbsp;<\/p>\n<p>&nbsp;<\/p>\n<p>Los representantes del Frente de Todos defendieron este lunes la validez del Decreto de Necesidad y Urgencia firmado por Alberto Fern\u00e1ndez que autoriza al Jefe de Gabinete a reasignar partidas presupuestarias para paliar las medidas econ\u00f3micas que se han ido tomando en torno a la pandemia mundial por el coronavirus. La oposici\u00f3n volvi\u00f3 a polemizar cuestionando los \u201csuperpoderes\u201d a Santiago Cafiero y lo rechaz\u00f3.<\/p>\n<p>Con la totalidad de todos sus integrantes, la Bicameral de Tr\u00e1mite Legislativo tuvo su segunda reuni\u00f3n de manera telem\u00e1tica en donde adem\u00e1s se analizaron otros cinco DNU.\u00a0 Pese al rechazo del bloque de Juntos por el Cambio, el oficialismo logr\u00f3 validar el Decreto 457\/20\u00a0 que elimin\u00f3 el tope del 5% establecido en 2016 en la Ley de Administraci\u00f3n Financiera para que el jefe de Gabinete pueda reasignar partidas presupuestarias sin control del Congreso.<\/p>\n<p>El debate tom\u00f3 calor en el recinto de Diputados la semana pasada y volvi\u00f3 a tensionar la bicameral que tiene como funci\u00f3n regular el tr\u00e1mite y los alcances de la intervenci\u00f3n del Congreso respecto de decretos que dicta el Poder Ejecutivo.<\/p>\n<p>Desde el Frente de Todos, la diputada Lucia Corpacci resalt\u00f3: \u201cEste DNU es muy importante y re\u00fane todos los requisitos que tiene que tener una medida de estas caracter\u00edsticas. En este contexto est\u00e1 bien que el gobern\u00f3 reasigne partidas y est\u00e1 bien que las delegue en el Jefe de Gabinete que ya las ten\u00eda, s\u00f3lo que se les da un poco m\u00e1s\u201d.<\/p>\n<p>La ex gobernadora de la provincia de Catamarca, le record\u00f3 a la oposici\u00f3n que \u201cel gobierno anterior nunca habl\u00f3 de default sino de re perfilar la deuda, pero la verdad es que todos los argentinos sabemos que la deuda era impagable y entrar al FMI fue el peor error que cometi\u00f3. El Covid 19 agrav\u00f3 todo pero fueron las malas decisiones de esa toma de deuda las que nos llevaron a estar as\u00ed, por lo que es muy dif\u00edcil enviar un Presupuesto sin saber con qu\u00e9 recurso se va a contar por lo que est\u00e1 pasando en este momento. Tal vez los legisladores quieren que el gobierno nacional dibuje el presupuesto 2020 como lo hac\u00eda el anterior\u201d.<\/p>\n<p>A su turno, la senadora kirchnerista Anabel Fern\u00e1ndez Sagasti apunt\u00f3 contra el ex gobernador de Mendoza, el diputado Alfredo Cornejo, quien acompa\u00f1\u00f3 una iniciativa para derogar dos art\u00edculo del decreto. \u201cEste desprop\u00f3sito tiene que ver muy poco con lo que pasa en la provincia de Mendoza, el gobernador Suarez present\u00f3 un decreto no solamente pidiendo un endeudamiento de 19 mil millones de pesos, pero adem\u00e1s reasignar partidas en virtud de la pandemia. Me parece que es de una oposici\u00f3n desesperada por tratar de poner otros ejes que no son con los que nos tiene en vilo a todos los argentinos que es c\u00f3mo salir lo mejor parados posibles\u201d.<\/p>\n<p>Desde la oposici\u00f3n, el titular del espacio de Juntos por el Cambio en el Senado Luis Naidenoff pidi\u00f3 al oficialismo que derogue el decreto por considerarlo en estos momentos complejos \u201cun retroceso\u201d. Asegur\u00f3: \u201cMe parece que el presidente si quiere modificar las partidas de reasignaciones env\u00ede un proyecto de ley y deje sin efecto el que firm\u00f3\u201d.<\/p>\n<p>En ese punto, Pablo Tonelli (Pro) advirti\u00f3 que el DNU es \u201cinconstitucional\u201d\u00a0 al tiempo que argument\u00f3: \u201cViola de forma evidente el principio de divisi\u00f3n de poderes, el principio de reserva legal del Congreso, y adem\u00e1s las normas de la Constituci\u00f3n referidas a la sustancia y al tr\u00e1mite del Presupuesto\u201d.\u00a0 \u201cEl presidente ha conseguido flexibilidad presupuestaria, no hay un l\u00edmite, el jefe de Gabinete puede reestructurar todo el Presupuesto\u201d, agreg\u00f3 el legislador.<\/p>\n<p>Por su parte, el diputado radical Gustavo Menna, se\u00f1al\u00f3 que \u201ca esta altura no podemos estar discutiendo de qui\u00e9n es la atribuci\u00f3n constitucional de decidir la ley de Presupuesto. Este decreto desbarata ese mandato Constitucional. Est\u00e1 a\u00fan pendiente, transcurrido casi medio a\u00f1o, el debate del Presupuesto 2020. Ese debate requiere de representaci\u00f3n, por eso todas las constituciones lo ponen en cabeza del Poder Legislativo, y no en manos de un funcionario que ni siquiera es electo, como es el Jefe de Gabinete\u201d.<\/p>\n<p>Los otros decretos que se ratificaron son el 408 y 459 de este a\u00f1o que prorrogan el Aislamiento Social, Preventivo y Obligatorio, el primero\u00a0 hasta el 10 de mayo y el segundo\u00a0 hasta el 24 de mayo. Tambi\u00e9n el DNU 426\/20, que estableci\u00f3 la pr\u00f3rroga de la prohibici\u00f3n de corte de servicios por falta de pago (gas, luz, agua, telefon\u00eda fija y m\u00f3vil, Internet y televisi\u00f3n por cable). As\u00ed como tambi\u00e9n, el decreto 425\/20, que prorrog\u00f3 la suspensi\u00f3n del cierre de cuentas bancarias.<\/p>\n","protected":false},"excerpt":{"rendered":"<p>La Bicameral de Tr\u00e1mite Legislativo tuvo su segunda reuni\u00f3n de manera telem\u00e1tica. En ella, los legisladores opositores cuestionaron fuertemente los llamados \u201csuperpoderes\u201d a Santiago Cafiero. Un acalorado debate &nbsp; &nbsp; Los representantes del Frente de Todos defendieron este lunes la validez del Decreto de Necesidad y Urgencia firmado por Alberto Fern\u00e1ndez que autoriza al Jefe de Gabinete a reasignar partidas presupuestarias para paliar las medidas econ\u00f3micas que se han ido tomando en torno a la pandemia mundial por el coronavirus. La oposici\u00f3n volvi\u00f3 a polemizar cuestionando los \u201csuperpoderes\u201d a Santiago&#8230;<\/p>\n","protected":false},"author":3,"featured_media":55397,"comment_status":"closed","ping_status":"closed","sticky":false,"template":"","format":"standard","meta":[],"categories":[18],"tags":[],"_links":{"self":[{"href":"https:\/\/www.actualidadadiario.com\/index.php\/wp-json\/wp\/v2\/posts\/61579"}],"collection":[{"href":"https:\/\/www.actualidadadiario.com\/index.php\/wp-json\/wp\/v2\/posts"}],"about":[{"href":"https:\/\/www.actualidadadiario.com\/index.php\/wp-json\/wp\/v2\/types\/post"}],"author":[{"embeddable":true,"href":"https:\/\/www.actualidadadiario.com\/index.php\/wp-json\/wp\/v2\/users\/3"}],"replies":[{"embeddable":true,"href":"https:\/\/www.actualidadadiario.com\/index.php\/wp-json\/wp\/v2\/comments?post=61579"}],"version-history":[{"count":1,"href":"https:\/\/www.actualidadadiario.com\/index.php\/wp-json\/wp\/v2\/posts\/61579\/revisions"}],"predecessor-version":[{"id":61580,"href":"https:\/\/www.actualidadadiario.com\/index.php\/wp-json\/wp\/v2\/posts\/61579\/revisions\/61580"}],"wp:featuredmedia":[{"embeddable":true,"href":"https:\/\/www.actualidadadiario.com\/index.php\/wp-json\/wp\/v2\/media\/55397"}],"wp:attachment":[{"href":"https:\/\/www.actualidadadiario.com\/index.php\/wp-json\/wp\/v2\/media?parent=61579"}],"wp:term":[{"taxonomy":"category","embeddable":true,"href":"https:\/\/www.actualidadadiario.com\/index.php\/wp-json\/wp\/v2\/categories?post=61579"},{"taxonomy":"post_tag","embeddable":true,"href":"https:\/\/www.actualidadadiario.com\/index.php\/wp-json\/wp\/v2\/tags?post=61579"}],"curies":[{"name":"wp","href":"https:\/\/api.w.org\/{rel}","templated":true}]}}