{"id":61571,"date":"2020-05-19T16:11:32","date_gmt":"2020-05-19T19:11:32","guid":{"rendered":"https:\/\/www.actualidadadiario.com\/?p=61571"},"modified":"2020-05-19T16:11:32","modified_gmt":"2020-05-19T19:11:32","slug":"la-normalidad-que-conocimos-no-existe-mas","status":"publish","type":"post","link":"https:\/\/www.actualidadadiario.com\/index.php\/2020\/05\/19\/la-normalidad-que-conocimos-no-existe-mas\/","title":{"rendered":"&#8220;La normalidad que conocimos no existe m\u00e1s&#8221;"},"content":{"rendered":"<p style=\"text-align: center;\"><em><strong>El Presidente encabez\u00f3 un acto por la reapertura de la f\u00e1brica de la automotriz alemana. Destac\u00f3 que para volver a operar se tomaron \u201clos protocolos que se aplican en Alemania y en China\u201d y se les incorporaron \u201caspectos que tienen que ver con la actividad local que el sindicato recomend\u00f3 sumar\u201d. &#8220;As\u00ed es como tenemos que trabajar&#8221;, asegur\u00f3<\/strong><\/em><\/p>\n<p>&nbsp;<\/p>\n<p>&nbsp;<\/p>\n<p>El presidente de la Naci\u00f3n, Alberto Fern\u00e1ndez, particip\u00f3 del acto de reapertura de la f\u00e1brica de automotores Volkswagen en Pacheco. En su discurso, el jefe de Estado reconoci\u00f3 el trabajo de la empresa alemana para armar el protocolo sanitario y reivindic\u00f3 el &#8220;rigor alem\u00e1n&#8221; para el cumplimiento de este. &#8220;Cuando lleg\u00f3 la hora de abrir lo hicieron con los cuidados necesarios que esta nueva realidad exige&#8221;, destac\u00f3.<\/p>\n<p>&#8220;Vamos a seguir haciendo la cuarentena porque est\u00e1 visto que es lo que tenemos que hacer. A nosotros nos preocupa el cuidado de la gente tanto como la productividad y el desarrollo de la econom\u00eda argentina&#8221;, subray\u00f3 Fern\u00e1ndez.<\/p>\n<p>En otro momento de su participaci\u00f3n, el Presidente reconoci\u00f3 que el impacto econ\u00f3mico que gener\u00f3 la pandemia por la covid-19 es un &#8220;problema del mundo&#8221;, que va m\u00e1s all\u00e1 de la Argentina. En ese sentido, insisti\u00f3 con que los pa\u00edses que no tuvieron cuarentena estricta, y en este momento retom\u00f3 el ejemplo de Suecia, tambi\u00e9n sufrieron efectos negativos en lo econ\u00f3mico.<\/p>\n<p>&#8220;\u00bfSi vamos a tener ese resultado econ\u00f3mico, que es lo que debemos cuidar?&#8221;, se pregunt\u00f3 el Presidente, y contest\u00f3: &#8220;la salud de la gente&#8221;. &#8220;Es eso lo que hicimos y vamos a seguir haciendo, no como un tonto repite que nos enamoramos de la cuarentena&#8221;, como se\u00f1alaron dirigentes opositores como la titular del PRO, Patricia Bullrich, el ex ministro de Salud, degradado a secretario, Adolfo Rubinstein (UCR), el ex ministro de Econom\u00eda de Mauricio Macri Alfonso Prat Gay y el diputado de Juntos por el Cambio Luis Juez, entre otros.<\/p>\n<p>El Presidente estuvo acompa\u00f1ado por el gobernador de la Provincia de Buenos Aires, Axel Kicillof, el ministro de Desarrollo Productivo, Mat\u00edas Kulfas, y la titular de Aysa, Malena Galamrini. &#8220;Muchos piden volver a la normalidad, quiero decir que ac\u00e1 en Volkswagen la normalidad no existe m\u00e1s. No se puede volver. Es un sue\u00f1o, una fantas\u00eda, un suicidio colectivo&#8221;, grafic\u00f3 el mandatario bonaerense.<\/p>\n<p>Sin embargo, Kicillof remarc\u00f3 que el funcionamiento de estas f\u00e1bricas es clave para el desarrollo del aparato de producci\u00f3n. &#8220;Hay que mantener al extremos las medidas sanitarias y reactivar el proceso productivo sin correr riesgos excesivos&#8221;, explic\u00f3 antes de que hablara Fern\u00e1ndez.<\/p>\n<p>En esta l\u00ednea, se\u00f1al\u00f3: &#8220;Esto no quiere decir que vamos a evitar los contagios en nuestra f\u00e1brica. Seguramente va a aparecer alguno, pero cuando aparezca vamos a estar preparados para actuar, aislarlo y que no se genere ninguna cat\u00e1strofe&#8221;.<\/p>\n<p>Sin confrontar con el jefe de Gobierno porte\u00f1o, Horacio Rodr\u00edguez Larreta, Kicillof remarc\u00f3 una vez m\u00e1s que su prioridad es el aparato productivo, y que &#8220;todo los que se pueda evitar hay que evitarlo&#8221;, en clara referencia a las &#8220;salidas recreativo&#8221; que autoriz\u00f3 el alcalde porte\u00f1o.<\/p>\n<p>Desde ayer, Volkswagen retom\u00f3 la producci\u00f3n en su planta de Pacheco a partir de la autorizaci\u00f3n del protocolo sanitario por parte de las autoridades nacionales, del gobierno bonaerense y del municipio de Tigre. El reinicio se hizo en un solo turno de trabajo de 6 horas. Se prev\u00e9 que trabajen 1.500 personas bajo estrictas medidas para prevenir la propagaci\u00f3n de la covid-19.<\/p>\n<p>Para proteger a los trabajadores, los proveedores de la planta y a los clientes, la compa\u00f1\u00eda alemana se comprometi\u00f3 al cumplimiento efectivo del protocolo, que aprob\u00f3 el Ministerio de Trabajo de Naci\u00f3n, que supervis\u00f3 el municipio y acept\u00f3 el sindicato de mec\u00e1nicos Smata.<\/p>\n<p>Este incluye transporte a cargo de la empresa mediante 20 minibuses que hacen recorridos fijos, control de temperatura corporal al ingreso, entrega de un par de barbijos por jornada laboral, distanciamiento social en todos los \u00e1mbitos de la planta (\u00e1reas de relevo y comedores), la prohibici\u00f3n de uso de los vestuarios, y puestos de sanitizaci\u00f3n.<\/p>\n<p>&nbsp;<\/p>\n<p><strong>Una charla con Angela Merkel<\/strong><\/p>\n<p>Fern\u00e1ndez record\u00f3 en su discurso una conversaci\u00f3n que tuvo en febrero con la canciller alemana Angela Merkel durante una visita a Europa por el tema de la deuda. Cont\u00f3 que le pidi\u00f3 \u201crobarle diez minutos\u201d para hablar y le consult\u00f3 sobre su mirada sobre el coronavirus.<\/p>\n<p>\u201cEn ese momento se sab\u00eda poco\u201d, explic\u00f3 Fern\u00e1ndez y le plante\u00f3 lo que se cre\u00eda hasta entonces, que el virus no sobreviv\u00eda a temperaturas mayores a 24 grados y que la Argentina deb\u00eda prepararse para el virus cuando llegue el invierno. Seg\u00fan narr\u00f3 Fern\u00e1ndez, Merkel le expres\u00f3: \u201cNo s\u00e9 si dicen todas la verdad sobre el coronavirus, pero s\u00ed s\u00e9 que va a traer consecuencias enormes en el mercado global\u201d.<\/p>\n<p>\u201cNo estaba equivocada y fue la \u00fanica que me lo dijo\u201d, remarc\u00f3 el Presidente, quien asegur\u00f3 que no es casualidad que ahora la firma alemana Volkswagen pudiera comenzar a operar nuevamente. Dijo que \u201csi Volkswagen aplica el rigor alem\u00e1n seguramente cuidar\u00e1 mucho el cumplimiento de los protocolos\u201d.<\/p>\n","protected":false},"excerpt":{"rendered":"<p>El Presidente encabez\u00f3 un acto por la reapertura de la f\u00e1brica de la automotriz alemana. Destac\u00f3 que para volver a operar se tomaron \u201clos protocolos que se aplican en Alemania y en China\u201d y se les incorporaron \u201caspectos que tienen que ver con la actividad local que el sindicato recomend\u00f3 sumar\u201d. &#8220;As\u00ed es como tenemos que trabajar&#8221;, asegur\u00f3 &nbsp; &nbsp; El presidente de la Naci\u00f3n, Alberto Fern\u00e1ndez, particip\u00f3 del acto de reapertura de la f\u00e1brica de automotores Volkswagen en Pacheco. En su discurso, el jefe de Estado reconoci\u00f3 el trabajo&#8230;<\/p>\n","protected":false},"author":3,"featured_media":61572,"comment_status":"closed","ping_status":"closed","sticky":false,"template":"","format":"standard","meta":[],"categories":[9],"tags":[],"_links":{"self":[{"href":"https:\/\/www.actualidadadiario.com\/index.php\/wp-json\/wp\/v2\/posts\/61571"}],"collection":[{"href":"https:\/\/www.actualidadadiario.com\/index.php\/wp-json\/wp\/v2\/posts"}],"about":[{"href":"https:\/\/www.actualidadadiario.com\/index.php\/wp-json\/wp\/v2\/types\/post"}],"author":[{"embeddable":true,"href":"https:\/\/www.actualidadadiario.com\/index.php\/wp-json\/wp\/v2\/users\/3"}],"replies":[{"embeddable":true,"href":"https:\/\/www.actualidadadiario.com\/index.php\/wp-json\/wp\/v2\/comments?post=61571"}],"version-history":[{"count":1,"href":"https:\/\/www.actualidadadiario.com\/index.php\/wp-json\/wp\/v2\/posts\/61571\/revisions"}],"predecessor-version":[{"id":61573,"href":"https:\/\/www.actualidadadiario.com\/index.php\/wp-json\/wp\/v2\/posts\/61571\/revisions\/61573"}],"wp:featuredmedia":[{"embeddable":true,"href":"https:\/\/www.actualidadadiario.com\/index.php\/wp-json\/wp\/v2\/media\/61572"}],"wp:attachment":[{"href":"https:\/\/www.actualidadadiario.com\/index.php\/wp-json\/wp\/v2\/media?parent=61571"}],"wp:term":[{"taxonomy":"category","embeddable":true,"href":"https:\/\/www.actualidadadiario.com\/index.php\/wp-json\/wp\/v2\/categories?post=61571"},{"taxonomy":"post_tag","embeddable":true,"href":"https:\/\/www.actualidadadiario.com\/index.php\/wp-json\/wp\/v2\/tags?post=61571"}],"curies":[{"name":"wp","href":"https:\/\/api.w.org\/{rel}","templated":true}]}}