{"id":61559,"date":"2020-05-19T16:07:41","date_gmt":"2020-05-19T19:07:41","guid":{"rendered":"https:\/\/www.actualidadadiario.com\/?p=61559"},"modified":"2020-05-19T16:07:41","modified_gmt":"2020-05-19T19:07:41","slug":"congelan-tarifas-de-telefonicas","status":"publish","type":"post","link":"https:\/\/www.actualidadadiario.com\/index.php\/2020\/05\/19\/congelan-tarifas-de-telefonicas\/","title":{"rendered":"Congelan tarifas de telef\u00f3nicas"},"content":{"rendered":"<p style=\"text-align: center;\"><em><strong>La medida se consensu\u00f3 con las empresas y en el marco del aislamiento social preventivo y obligatorio decretado por la pandemia de coronavirus<\/strong><\/em><\/p>\n<p>&nbsp;<\/p>\n<p>&nbsp;<\/p>\n<p>El Gobierno congel\u00f3 las tarifas de los servicios de telefon\u00eda fija y m\u00f3vil, internet y TV paga hasta el 31 de agosto pr\u00f3ximo. La medida se consensu\u00f3\u00a0 con las empresas y en el marco del aislamiento social preventivo y obligatorio decretado por la pandemia de coronavirus. El anuncio fue realizado este lunes por el titular del Ente Nacional de Comunicaciones (Enacom), Claudio Ambrosini, luego de una reuni\u00f3n que mantuvo con el presidente Alberto Fern\u00e1ndez.<\/p>\n<p>La medida incluye adem\u00e1s la implementaci\u00f3n por parte de las empresas de un esquema de servicio complementario para los usuarios que enfrenten problemas econ\u00f3micos bajo el mecanismo de abono Postpago, Prepago e Internet al hogar. &#8220;El paquete de medidas cubre todas las necesidades para el momento que estamos atravesando, tanto el pa\u00eds como el mundo&#8221;, dijo Ambrosini. Las empresas adem\u00e1s &#8220;se comprometieron y el Gobierno les exigi\u00f3 no despedir a nadie hasta el 31 de agosto&#8221;, destac\u00f3 el titular del Enacom.<\/p>\n<p>El Ejecutivo resolvi\u00f3 con acuerdo de las partes una serie de disposiciones para los servicios de telefon\u00eda m\u00f3vil y fija, Internet y TV paga para suspender los aumentos de precios hasta el 31 de agosto de 2020, con el fin de alivianar la situaci\u00f3n de los usuarios y usuarias afectados por la cuarentena, inform\u00f3 la Enacom.<\/p>\n<p>Junto al congelamiento, se dispuso poner a disposici\u00f3n planes inclusivos de Telefon\u00eda e Internet M\u00f3vil de pospago; de prepago m\u00f3vil y de internet fijo destinados a todas las personas que soliciten el beneficio, con un precio fijo hasta el 31 de octubre. &#8220;El objetivo de los mismos es que las personas que atraviesan dificultades econ\u00f3micas durante la cuarentena puedan cambiarse de plan y acceder a un servicio que garantiza la conectividad a un precio accesible&#8221;, detall\u00f3 el comunicado oficial.<\/p>\n<p>Estos planes deber\u00e1n cumplir para los Pospagos con al menos 500 megas de datos, aplicaciones de mensajer\u00eda -solo texto-(WhatsApp, Telegram, Facebook Messenger), 500 SMS, 300 minutos de llamadas en la red del mismo prestador y 50 minutos en redes de otros prestadores, 0800 gratis, navegaci\u00f3n en portales educativos gratis. En el caso de los Prepagos debjen incluir aplicaciones de mensajer\u00eda, 300 SMS, 100 minutos de llamadas en la red del mismo prestador y 50 minutos en redes de otros prestadores, 0800 gratis, navegaci\u00f3n en portales educativos gratis.<\/p>\n<p>Para el servicio de internet fijo se establece una velocidad m\u00ednima de 5 megas y la y la extensi\u00f3n del beneficio \u201cservicio reducido\u201d que garantiza la conectividad de usuarios con sistema prepago de telefon\u00eda m\u00f3vil e internet, y mantenimiento del precio hasta el 31 de octubre de 2020 (vigente hasta el 31 de mayo).<\/p>\n","protected":false},"excerpt":{"rendered":"<p>La medida se consensu\u00f3 con las empresas y en el marco del aislamiento social preventivo y obligatorio decretado por la pandemia de coronavirus &nbsp; &nbsp; El Gobierno congel\u00f3 las tarifas de los servicios de telefon\u00eda fija y m\u00f3vil, internet y TV paga hasta el 31 de agosto pr\u00f3ximo. La medida se consensu\u00f3\u00a0 con las empresas y en el marco del aislamiento social preventivo y obligatorio decretado por la pandemia de coronavirus. El anuncio fue realizado este lunes por el titular del Ente Nacional de Comunicaciones (Enacom), Claudio Ambrosini, luego de&#8230;<\/p>\n","protected":false},"author":3,"featured_media":49202,"comment_status":"closed","ping_status":"closed","sticky":false,"template":"","format":"standard","meta":[],"categories":[2],"tags":[],"_links":{"self":[{"href":"https:\/\/www.actualidadadiario.com\/index.php\/wp-json\/wp\/v2\/posts\/61559"}],"collection":[{"href":"https:\/\/www.actualidadadiario.com\/index.php\/wp-json\/wp\/v2\/posts"}],"about":[{"href":"https:\/\/www.actualidadadiario.com\/index.php\/wp-json\/wp\/v2\/types\/post"}],"author":[{"embeddable":true,"href":"https:\/\/www.actualidadadiario.com\/index.php\/wp-json\/wp\/v2\/users\/3"}],"replies":[{"embeddable":true,"href":"https:\/\/www.actualidadadiario.com\/index.php\/wp-json\/wp\/v2\/comments?post=61559"}],"version-history":[{"count":1,"href":"https:\/\/www.actualidadadiario.com\/index.php\/wp-json\/wp\/v2\/posts\/61559\/revisions"}],"predecessor-version":[{"id":61560,"href":"https:\/\/www.actualidadadiario.com\/index.php\/wp-json\/wp\/v2\/posts\/61559\/revisions\/61560"}],"wp:featuredmedia":[{"embeddable":true,"href":"https:\/\/www.actualidadadiario.com\/index.php\/wp-json\/wp\/v2\/media\/49202"}],"wp:attachment":[{"href":"https:\/\/www.actualidadadiario.com\/index.php\/wp-json\/wp\/v2\/media?parent=61559"}],"wp:term":[{"taxonomy":"category","embeddable":true,"href":"https:\/\/www.actualidadadiario.com\/index.php\/wp-json\/wp\/v2\/categories?post=61559"},{"taxonomy":"post_tag","embeddable":true,"href":"https:\/\/www.actualidadadiario.com\/index.php\/wp-json\/wp\/v2\/tags?post=61559"}],"curies":[{"name":"wp","href":"https:\/\/api.w.org\/{rel}","templated":true}]}}