{"id":61553,"date":"2020-05-19T16:06:07","date_gmt":"2020-05-19T19:06:07","guid":{"rendered":"https:\/\/www.actualidadadiario.com\/?p=61553"},"modified":"2020-05-19T16:06:07","modified_gmt":"2020-05-19T19:06:07","slug":"cordoba-da-marcha-atras-con-la-flexibilizacion-de-la-cuarentena","status":"publish","type":"post","link":"https:\/\/www.actualidadadiario.com\/index.php\/2020\/05\/19\/cordoba-da-marcha-atras-con-la-flexibilizacion-de-la-cuarentena\/","title":{"rendered":"C\u00f3rdoba da marcha atr\u00e1s con la flexibilizaci\u00f3n de la cuarentena"},"content":{"rendered":"<p style=\"text-align: center;\"><em><strong>En los \u00faltimos tres d\u00edas hubo 55 casos positivos de coronavirus. En cambio, en el Gran C\u00f3rdoba se mantendr\u00e1n los permisos concedidos hasta ahora. El desaf\u00edo de abrir los grandes centros urbanos<\/strong><\/em><\/p>\n<p>&nbsp;<\/p>\n<p>&nbsp;<\/p>\n<p>El Comit\u00e9 Asesor de Cient\u00edficos para el abordaje provincial de la pandemia Covid-19 resolvi\u00f3 esta noche frenar las acciones de flexibilizaci\u00f3n de la cuarentena en la ciudad de C\u00f3rdoba debido al aumento de casos de las \u00faltimas horas, aunque se aclar\u00f3 que el Gran C\u00f3rdoba seguir\u00e1 con los permisos otorgados hasta el momento.<\/p>\n<p>De esta manera, el gobierno de Juan Schiaretti confirm\u00f3 que desde esta medianoche se vuelve a la fase 3 del aislamiento preventivo obligatorio frente al aumento de los casos de coronavirus registrados en distintos barrios, a partir de un brote en la zona del Mercado Norte y otro en el Hospital Italiano.<\/p>\n<p>&#8220;Vamos a hacer un control sanitario y de ampliaci\u00f3n diagn\u00f3stica en 16 barrios de la ciudad Capital donde hay casos positivos, con el objetivo de interrumpir las cadena de transmisi\u00f3n&#8221;, dijo el ministro de Salud provincial, Diego Cardozo, en referencia a los 55 casos confirmados en los \u00faltimos tres d\u00edas.<\/p>\n<p>&#8220;Esto no es consecuencia de la liberaci\u00f3n de las actividades de estos \u00faltimos d\u00edas sino de lo que ha sucedido en los \u00faltimos 30 d\u00edas con los distintos casos positivos y de contagios&#8221;, agreg\u00f3.<\/p>\n<p>El tema fue tratado en una reuni\u00f3n que mantuvieron este mediod\u00eda y en la que tambi\u00e9n abordaron la posibilidad de c\u00f3mo continuar la estrategia que desarrollan principalmente en el \u00e1rea de comercios alrededor del Mercado Norte.<\/p>\n<p>Los expertos evaluaron que, si bien se est\u00e1 accionando correctamente a trav\u00e9s del cord\u00f3n sanitario en el \u00e1rea del Mercado Norte, este foco de contagios, representan la necesidad de estar alertas.<\/p>\n<p>Por otro lado, coincidieron en que la manera en que se llev\u00f3 adelante la flexibilizaci\u00f3n del aislamiento por parte de la comunidad, puede haberse desarrollado en forma desordenada o sin respetar las principales medidas de mantener las distancias sociales y el uso del barbijo.<\/p>\n<p>Al respecto, Juan Pablo Caeiro, miembro del comit\u00e9 asesor indic\u00f3: &#8220;La recomendaci\u00f3n es rever la flexibilizaci\u00f3n de los \u00faltimos d\u00edas en la capital de C\u00f3rdoba&#8221;.<\/p>\n<p>Asimismo, Germ\u00e1n Ambasch, a cargo del Comit\u00e9 de Control de Infecciones del Sanatorio Mayo, participante del Comit\u00e9, remarc\u00f3: &#8220;Fue una reuni\u00f3n muy fruct\u00edfera, se analizaron las situaciones ocurridas en C\u00f3rdoba, la cual se viene manejando muy bien, pero se vio un aumento de casos comunitarios. Y es un problema que tiene que tomar conciencia la poblaci\u00f3n porque el virus ya est\u00e1 circulando comunitariamente&#8221;.<\/p>\n<p>Por otro lado, el infect\u00f3logo destac\u00f3 la importancia de que las personas y equipos de centros de salud no subestimen s\u00edntomas: &#8220;Instituciones p\u00fablicas y privadas deber\u00e1n tener en cuenta que hay un peque\u00f1o brote, que quienes consulten en nuestras instituciones pueden estar infectados&#8221;.<\/p>\n<p>&#8220;Todo el equipo de salud debe estar preparado hoy para la llegada de estos probables pacientes, muchos van a ser oligosintom\u00e1ticos -con pocos s\u00edntomas-, tal vez consulten por un dolor de cabeza, fiebre medianamente alta. Es importante darle importancia y tomarlo como caso sospechoso, y no como si fuese cualquier patolog\u00eda&#8221;, a\u00f1adi\u00f3.<\/p>\n","protected":false},"excerpt":{"rendered":"<p>En los \u00faltimos tres d\u00edas hubo 55 casos positivos de coronavirus. En cambio, en el Gran C\u00f3rdoba se mantendr\u00e1n los permisos concedidos hasta ahora. El desaf\u00edo de abrir los grandes centros urbanos &nbsp; &nbsp; El Comit\u00e9 Asesor de Cient\u00edficos para el abordaje provincial de la pandemia Covid-19 resolvi\u00f3 esta noche frenar las acciones de flexibilizaci\u00f3n de la cuarentena en la ciudad de C\u00f3rdoba debido al aumento de casos de las \u00faltimas horas, aunque se aclar\u00f3 que el Gran C\u00f3rdoba seguir\u00e1 con los permisos otorgados hasta el momento. De esta manera,&#8230;<\/p>\n","protected":false},"author":3,"featured_media":61554,"comment_status":"closed","ping_status":"closed","sticky":false,"template":"","format":"standard","meta":[],"categories":[2],"tags":[],"_links":{"self":[{"href":"https:\/\/www.actualidadadiario.com\/index.php\/wp-json\/wp\/v2\/posts\/61553"}],"collection":[{"href":"https:\/\/www.actualidadadiario.com\/index.php\/wp-json\/wp\/v2\/posts"}],"about":[{"href":"https:\/\/www.actualidadadiario.com\/index.php\/wp-json\/wp\/v2\/types\/post"}],"author":[{"embeddable":true,"href":"https:\/\/www.actualidadadiario.com\/index.php\/wp-json\/wp\/v2\/users\/3"}],"replies":[{"embeddable":true,"href":"https:\/\/www.actualidadadiario.com\/index.php\/wp-json\/wp\/v2\/comments?post=61553"}],"version-history":[{"count":1,"href":"https:\/\/www.actualidadadiario.com\/index.php\/wp-json\/wp\/v2\/posts\/61553\/revisions"}],"predecessor-version":[{"id":61555,"href":"https:\/\/www.actualidadadiario.com\/index.php\/wp-json\/wp\/v2\/posts\/61553\/revisions\/61555"}],"wp:featuredmedia":[{"embeddable":true,"href":"https:\/\/www.actualidadadiario.com\/index.php\/wp-json\/wp\/v2\/media\/61554"}],"wp:attachment":[{"href":"https:\/\/www.actualidadadiario.com\/index.php\/wp-json\/wp\/v2\/media?parent=61553"}],"wp:term":[{"taxonomy":"category","embeddable":true,"href":"https:\/\/www.actualidadadiario.com\/index.php\/wp-json\/wp\/v2\/categories?post=61553"},{"taxonomy":"post_tag","embeddable":true,"href":"https:\/\/www.actualidadadiario.com\/index.php\/wp-json\/wp\/v2\/tags?post=61553"}],"curies":[{"name":"wp","href":"https:\/\/api.w.org\/{rel}","templated":true}]}}