{"id":61548,"date":"2020-05-19T16:03:59","date_gmt":"2020-05-19T19:03:59","guid":{"rendered":"https:\/\/www.actualidadadiario.com\/?p=61548"},"modified":"2020-05-19T16:03:59","modified_gmt":"2020-05-19T19:03:59","slug":"coronavirus-aun-no-fueron-definidas-las-zonas-a-testear-en-entre-rios","status":"publish","type":"post","link":"https:\/\/www.actualidadadiario.com\/index.php\/2020\/05\/19\/coronavirus-aun-no-fueron-definidas-las-zonas-a-testear-en-entre-rios\/","title":{"rendered":"Coronavirus: A\u00fan no fueron definidas las zonas a testear en Entre R\u00edos"},"content":{"rendered":"<p style=\"text-align: center;\"><em><strong>&#8220;Cuando Salud de la Naci\u00f3n considere oportuno realizar alg\u00fan testeo en alg\u00fan barrio popular de Entre R\u00edos, se seguir\u00e1n las normas de acuerdo a lo que establece el programa y en las condiciones que lo amerite&#8221;, prometi\u00f3 Reh<\/strong><\/em><\/p>\n<p>&nbsp;<\/p>\n<p>&nbsp;<\/p>\n<p>El ministro de Salud de la Naci\u00f3n, Gin\u00e9s Gonz\u00e1lez Garc\u00eda, dijo que en los pr\u00f3ximos d\u00edas se anunciar\u00e1 una campa\u00f1a nacional de testeo, no solo en el AMBA sino en muchos lugares del pa\u00eds, en el marco de las acciones de prevenci\u00f3n de la pandemia del nuevo coronavirus.<\/p>\n<p>Al respecto, la secretaria provincial de Salud, Carina Reh, confirm\u00f3 que &#8220;el ministerio de Salud de la Naci\u00f3n no defini\u00f3 zonas a testear en la provincia de Entre R\u00edos&#8221;.<\/p>\n<p>&#8220;Cuando Salud considere oportuno realizar alg\u00fan testeo en alg\u00fan barrio popular de Entre R\u00edos, se seguir\u00e1n las normas de acuerdo a lo que establece el programa y en las condiciones que lo amerite&#8221;, prometi\u00f3 Reh al brindar el informe sobre el estado de situaci\u00f3n provincial en relaci\u00f3n al coronavirus.<\/p>\n<p>Durante el reporte epidemiol\u00f3gico, Reh anunci\u00f3 que &#8220;es el momento de empezar a detectar las enfermedades respiratorias bajas en el marco del programa IRA para ni\u00f1os menores de cinco a\u00f1os&#8221;.<\/p>\n<p>Comunic\u00f3, adem\u00e1s, &#8220;la capacitaci\u00f3n a distancia al personal de salud para reforzar los conocimientos adquiridos desde que se trabaja en la campa\u00f1a de invierno&#8221;.<\/p>\n<p>En la oportunidad, tambi\u00e9n coment\u00f3 que &#8220;ayer se modific\u00f3 la definici\u00f3n de caso sospechoso y para la provincia es importante que Rosario, una ciudad que se consideraba con circulaci\u00f3n viral activa, sali\u00f3 de esa categor\u00eda&#8221;.<\/p>\n<p>&#8220;Esto nos permite una cierta tranquilidad sabiendo que tenemos un paso importante entre las ciudades de Victoria y Rosario, lo que nos manten\u00eda en permanente de alerta&#8221;, reconoci\u00f3 la secretaria provincial de Salud.<\/p>\n<p>Finalmente, se refiri\u00f3 al caso del ciudadano alem\u00e1n que fue detenido anoche durante un control de la Polic\u00eda Federal Argentina en el kil\u00f3metro 343 de la Ruta Nacional 14.<\/p>\n<p>Reh confirm\u00f3 que esta persona viajaba &#8220;en forma clandestina con desconocimiento del camionero&#8221;.<\/p>\n<p>&#8220;Se inform\u00f3 al Juzgado Federal de Concepci\u00f3n del Uruguay y la persona de origen alem\u00e1n que circulaba, que ven\u00eda desde Brasil y mezclada en la carga del cami\u00f3n, fue trasladado al hospital Santa Rosa de Chajar\u00ed donde qued\u00f3 en aislamiento y por orden de la Justicia se le hizo el hisopado para toma de muestra, aunque este individuo no presentaba s\u00edntomas&#8221;, detall\u00f3.<\/p>\n<p>&#8220;A pedido de la Justicia se hizo la toma de muestra y esta persona qued\u00f3 en aislamiento en la instituci\u00f3n hasta que la Justicia determine los pasos a seguir&#8221;, cerr\u00f3.<\/p>\n","protected":false},"excerpt":{"rendered":"<p>&#8220;Cuando Salud de la Naci\u00f3n considere oportuno realizar alg\u00fan testeo en alg\u00fan barrio popular de Entre R\u00edos, se seguir\u00e1n las normas de acuerdo a lo que establece el programa y en las condiciones que lo amerite&#8221;, prometi\u00f3 Reh &nbsp; &nbsp; El ministro de Salud de la Naci\u00f3n, Gin\u00e9s Gonz\u00e1lez Garc\u00eda, dijo que en los pr\u00f3ximos d\u00edas se anunciar\u00e1 una campa\u00f1a nacional de testeo, no solo en el AMBA sino en muchos lugares del pa\u00eds, en el marco de las acciones de prevenci\u00f3n de la pandemia del nuevo coronavirus. Al respecto,&#8230;<\/p>\n","protected":false},"author":3,"featured_media":61549,"comment_status":"closed","ping_status":"closed","sticky":false,"template":"","format":"standard","meta":[],"categories":[15],"tags":[],"_links":{"self":[{"href":"https:\/\/www.actualidadadiario.com\/index.php\/wp-json\/wp\/v2\/posts\/61548"}],"collection":[{"href":"https:\/\/www.actualidadadiario.com\/index.php\/wp-json\/wp\/v2\/posts"}],"about":[{"href":"https:\/\/www.actualidadadiario.com\/index.php\/wp-json\/wp\/v2\/types\/post"}],"author":[{"embeddable":true,"href":"https:\/\/www.actualidadadiario.com\/index.php\/wp-json\/wp\/v2\/users\/3"}],"replies":[{"embeddable":true,"href":"https:\/\/www.actualidadadiario.com\/index.php\/wp-json\/wp\/v2\/comments?post=61548"}],"version-history":[{"count":1,"href":"https:\/\/www.actualidadadiario.com\/index.php\/wp-json\/wp\/v2\/posts\/61548\/revisions"}],"predecessor-version":[{"id":61550,"href":"https:\/\/www.actualidadadiario.com\/index.php\/wp-json\/wp\/v2\/posts\/61548\/revisions\/61550"}],"wp:featuredmedia":[{"embeddable":true,"href":"https:\/\/www.actualidadadiario.com\/index.php\/wp-json\/wp\/v2\/media\/61549"}],"wp:attachment":[{"href":"https:\/\/www.actualidadadiario.com\/index.php\/wp-json\/wp\/v2\/media?parent=61548"}],"wp:term":[{"taxonomy":"category","embeddable":true,"href":"https:\/\/www.actualidadadiario.com\/index.php\/wp-json\/wp\/v2\/categories?post=61548"},{"taxonomy":"post_tag","embeddable":true,"href":"https:\/\/www.actualidadadiario.com\/index.php\/wp-json\/wp\/v2\/tags?post=61548"}],"curies":[{"name":"wp","href":"https:\/\/api.w.org\/{rel}","templated":true}]}}