{"id":61545,"date":"2020-05-19T16:03:14","date_gmt":"2020-05-19T19:03:14","guid":{"rendered":"https:\/\/www.actualidadadiario.com\/?p=61545"},"modified":"2020-05-19T16:03:14","modified_gmt":"2020-05-19T19:03:14","slug":"a-partir-de-hoy-se-volvio-a-cobrar-peaje-en-la-autovia-14","status":"publish","type":"post","link":"https:\/\/www.actualidadadiario.com\/index.php\/2020\/05\/19\/a-partir-de-hoy-se-volvio-a-cobrar-peaje-en-la-autovia-14\/","title":{"rendered":"A partir de hoy se volvi\u00f3 a cobrar peaje en la autov\u00eda 14"},"content":{"rendered":"<p style=\"text-align: center;\"><em><strong>La noticia se dio a conocer este mismo martes, cuando las barreras en las rutas volvieron a bajar y se comenz\u00f3 a cobrar con un riguroso protocolo de seguridad<\/strong><\/em><\/p>\n<p>&nbsp;<\/p>\n<p>Una resoluci\u00f3n del gobierno nacional indica el reinicio de las actividades en las distintas cabinas de peaje de la autov\u00eda 14.<\/p>\n<p>De esa manera, por la ma\u00f1ana de este martes, volvieron a bajar las barreras en la ruta y se volvi\u00f3 a cobrar la tarifa regular bajo un determinado protocolo de seguridad para prevenir el avance de la pandemia.<\/p>\n","protected":false},"excerpt":{"rendered":"<p>La noticia se dio a conocer este mismo martes, cuando las barreras en las rutas volvieron a bajar y se comenz\u00f3 a cobrar con un riguroso protocolo de seguridad &nbsp; Una resoluci\u00f3n del gobierno nacional indica el reinicio de las actividades en las distintas cabinas de peaje de la autov\u00eda 14. De esa manera, por la ma\u00f1ana de este martes, volvieron a bajar las barreras en la ruta y se volvi\u00f3 a cobrar la tarifa regular bajo un determinado protocolo de seguridad para prevenir el avance de la pandemia.<\/p>\n","protected":false},"author":3,"featured_media":61546,"comment_status":"closed","ping_status":"closed","sticky":false,"template":"","format":"standard","meta":[],"categories":[15],"tags":[],"_links":{"self":[{"href":"https:\/\/www.actualidadadiario.com\/index.php\/wp-json\/wp\/v2\/posts\/61545"}],"collection":[{"href":"https:\/\/www.actualidadadiario.com\/index.php\/wp-json\/wp\/v2\/posts"}],"about":[{"href":"https:\/\/www.actualidadadiario.com\/index.php\/wp-json\/wp\/v2\/types\/post"}],"author":[{"embeddable":true,"href":"https:\/\/www.actualidadadiario.com\/index.php\/wp-json\/wp\/v2\/users\/3"}],"replies":[{"embeddable":true,"href":"https:\/\/www.actualidadadiario.com\/index.php\/wp-json\/wp\/v2\/comments?post=61545"}],"version-history":[{"count":1,"href":"https:\/\/www.actualidadadiario.com\/index.php\/wp-json\/wp\/v2\/posts\/61545\/revisions"}],"predecessor-version":[{"id":61547,"href":"https:\/\/www.actualidadadiario.com\/index.php\/wp-json\/wp\/v2\/posts\/61545\/revisions\/61547"}],"wp:featuredmedia":[{"embeddable":true,"href":"https:\/\/www.actualidadadiario.com\/index.php\/wp-json\/wp\/v2\/media\/61546"}],"wp:attachment":[{"href":"https:\/\/www.actualidadadiario.com\/index.php\/wp-json\/wp\/v2\/media?parent=61545"}],"wp:term":[{"taxonomy":"category","embeddable":true,"href":"https:\/\/www.actualidadadiario.com\/index.php\/wp-json\/wp\/v2\/categories?post=61545"},{"taxonomy":"post_tag","embeddable":true,"href":"https:\/\/www.actualidadadiario.com\/index.php\/wp-json\/wp\/v2\/tags?post=61545"}],"curies":[{"name":"wp","href":"https:\/\/api.w.org\/{rel}","templated":true}]}}